{"id":4121,"date":"2026-06-17T14:44:04","date_gmt":"2026-06-17T19:44:04","guid":{"rendered":"https:\/\/apucorp.pe\/www\/site\/?p=4121"},"modified":"2026-06-25T09:10:28","modified_gmt":"2026-06-25T14:10:28","slug":"mario-de-las-casas-participo-como-panelista-en-el-foro-logistico-de-conamin-2026","status":"publish","type":"post","link":"https:\/\/apucorp.pe\/www\/site\/2026\/06\/17\/mario-de-las-casas-participo-como-panelista-en-el-foro-logistico-de-conamin-2026\/","title":{"rendered":"APUCORP particip\u00f3 como panelista en el Foro Log\u00edstico de CONAMIN 2026"},"content":{"rendered":"\t\t<div data-elementor-type=\"wp-post\" data-elementor-id=\"4121\" class=\"elementor elementor-4121\" data-elementor-post-type=\"post\">\n\t\t\t\t<div class=\"elementor-element elementor-element-77007e13 e-flex e-con-boxed wpr-particle-no wpr-jarallax-no wpr-parallax-no wpr-sticky-section-no e-con e-parent\" data-id=\"77007e13\" data-element_type=\"container\">\n\t\t\t\t\t<div class=\"e-con-inner\">\n\t\t<div class=\"elementor-element elementor-element-2c88f499 e-con-full e-flex wpr-particle-no wpr-jarallax-no wpr-parallax-no wpr-sticky-section-no e-con e-child\" data-id=\"2c88f499\" data-element_type=\"container\">\n\t\t\t\t<div class=\"elementor-element elementor-element-7a9985e1 elementor-widget elementor-widget-gum_heading\" data-id=\"7a9985e1\" data-element_type=\"widget\" data-widget_type=\"gum_heading.default\">\n\t\t\t\t<div class=\"elementor-widget-container\">\n\t\t\t\t\t<div class=\"gum-widget-title\"><h5 class=\"section-main-title size-default\">APUCORP particip\u00f3 como panelista en el Foro Log\u00edstico de CONAMIN 2026<\/h5><\/div>\t\t\t\t<\/div>\n\t\t\t\t<\/div>\n\t\t\t\t<\/div>\n\t\t\t\t\t<\/div>\n\t\t\t\t<\/div>\n\t\t<div class=\"elementor-element elementor-element-26946dba e-flex e-con-boxed wpr-particle-no wpr-jarallax-no wpr-parallax-no wpr-sticky-section-no e-con e-parent\" data-id=\"26946dba\" data-element_type=\"container\">\n\t\t\t\t\t<div class=\"e-con-inner\">\n\t\t<div class=\"elementor-element elementor-element-437b77c9 e-con-full e-flex wpr-particle-no wpr-jarallax-no wpr-parallax-no wpr-sticky-section-no e-con e-child\" data-id=\"437b77c9\" data-element_type=\"container\">\n\t\t<div class=\"elementor-element elementor-element-1bb0182e e-con-full e-flex wpr-particle-no wpr-jarallax-no wpr-parallax-no wpr-sticky-section-no e-con e-child\" data-id=\"1bb0182e\" data-element_type=\"container\" data-settings=\"{&quot;background_background&quot;:&quot;classic&quot;}\">\n\t\t\t\t<div class=\"elementor-element elementor-element-4913c4f8 elementor-widget elementor-widget-gum_post_image\" data-id=\"4913c4f8\" data-element_type=\"widget\" data-widget_type=\"gum_post_image.default\">\n\t\t\t\t<div class=\"elementor-widget-container\">\n\t\t\t\t\t<div class=\"blog-featureimage\" style=\"background-image: url(https:\/\/apucorp.pe\/www\/site\/wp-content\/uploads\/2026\/06\/IMG_6815.JPG-scaled.jpeg)\"><img decoding=\"async\" src=\"https:\/\/apucorp.pe\/www\/site\/wp-content\/uploads\/2026\/06\/IMG_6815.JPG-scaled.jpeg\" title=\"\" alt=\"\" \/><\/div>\t\t\t\t<\/div>\n\t\t\t\t<\/div>\n\t\t\t\t<div class=\"elementor-element elementor-element-12a43ae elementor-widget elementor-widget-text-editor\" data-id=\"12a43ae\" data-element_type=\"widget\" data-widget_type=\"text-editor.default\">\n\t\t\t\t\t\t\t\t\t<p><strong>Lima, 17 de Junio de 2026.-<\/strong> Mario de las Casas, Director Corporativo de Empresas de Servicios de APUCORP, particip\u00f3 como panelista en el Foro Log\u00edstico de CONAMIN 2026, espacio que reuni\u00f3 a representantes de compa\u00f1\u00edas mineras y empresas proveedoras para analizar los principales desaf\u00edos y oportunidades que enfrenta el sector.<\/p>\n<p>Durante el encuentro, se abordaron temas clave relacionados con la generaci\u00f3n de valor en la cadena de suministro minera, destacando la importancia de construir relaciones basadas en la confianza, el compromiso, la comunicaci\u00f3n efectiva y la colaboraci\u00f3n entre clientes y proveedores.<\/p>\n<p>Asimismo, las discusiones permitieron reflexionar sobre los retos actuales de la industria, entre ellos el desarrollo y retenci\u00f3n de talento especializado, la mejora continua de los procesos de contrataci\u00f3n y la necesidad de fortalecer el trabajo conjunto para alcanzar objetivos comunes.<\/p>\n<p>La participaci\u00f3n de APUCORP en este tipo de espacios reafirma su compromiso con el intercambio de conocimiento y la promoci\u00f3n de iniciativas que contribuyan al fortalecimiento de una miner\u00eda m\u00e1s eficiente, competitiva y sostenible.<\/p>\n<p>A trav\u00e9s del di\u00e1logo y la colaboraci\u00f3n entre los distintos actores del ecosistema minero, es posible generar soluciones que impulsen el desarrollo del sector y contribuyan al crecimiento del pa\u00eds.<\/p>\t\t\t\t\t\t\t\t<\/div>\n\t\t<div class=\"elementor-element elementor-element-23776b33 e-con-full e-flex wpr-particle-no wpr-jarallax-no wpr-parallax-no wpr-sticky-section-no e-con e-child\" data-id=\"23776b33\" data-element_type=\"container\">\n\t\t\t\t<div class=\"elementor-element elementor-element-91769f elementor-widget elementor-widget-elementskit-social-share\" data-id=\"91769f\" data-element_type=\"widget\" data-widget_type=\"elementskit-social-share.default\">\n\t\t\t\t<div class=\"elementor-widget-container\">\n\t\t\t\t\t<div class=\"ekit-wid-con\" >\t\t<ul class=\"ekit_socialshare\">\n                            <li class=\"elementor-repeater-item-abff5a5\" data-social=\"linkedin\">\n                    <div class=\"linkedin\">\n                        \n                        <i aria-hidden=\"true\" class=\"icon icon-linkedin\"><\/i>                        \n                                                                                            <\/div>\n                <\/li>\n                                            <li class=\"elementor-repeater-item-f8bfa97\" data-social=\"facebook\">\n                    <div class=\"facebook\">\n                        \n                        <i aria-hidden=\"true\" class=\"icon icon-facebook\"><\/i>                        \n                                                                                            <\/div>\n                <\/li>\n                                            <li class=\"elementor-repeater-item-7e0b821\" data-social=\"twitter\">\n                    <div class=\"twitter\">\n                        \n                        <i aria-hidden=\"true\" class=\"icon icon-twitter\"><\/i>                        \n                                                                                            <\/div>\n                <\/li>\n                                    <\/ul>\n        <\/div>\t\t\t\t<\/div>\n\t\t\t\t<\/div>\n\t\t\t\t<\/div>\n\t\t\t\t<\/div>\n\t\t\t\t<\/div>\n\t\t<div class=\"elementor-element elementor-element-29dd4da4 e-con-full e-flex wpr-particle-no wpr-jarallax-no wpr-parallax-no wpr-sticky-section-no e-con e-child\" data-id=\"29dd4da4\" data-element_type=\"container\">\n\t\t<div class=\"elementor-element elementor-element-395fb1d2 e-con-full e-flex wpr-particle-no wpr-jarallax-no wpr-parallax-no wpr-sticky-section-no e-con e-child\" data-id=\"395fb1d2\" data-element_type=\"container\" data-settings=\"{&quot;background_background&quot;:&quot;classic&quot;}\">\n\t\t\t\t<div class=\"elementor-element elementor-element-4db7c4d9 elementor-widget elementor-widget-heading\" data-id=\"4db7c4d9\" data-element_type=\"widget\" data-widget_type=\"heading.default\">\n\t\t\t\t\t<h2 class=\"elementor-heading-title elementor-size-default\">\u00daltimas noticias<\/h2>\t\t\t\t<\/div>\n\t\t\t\t<div class=\"elementor-element elementor-element-62dd1973 post-grid-col-1 post-grid-col-tablet-1 post-grid-col-mobile-1 elementor-widget elementor-widget-gum_posts_grid\" data-id=\"62dd1973\" data-element_type=\"widget\" data-widget_type=\"gum_posts_grid.default\">\n\t\t\t\t<div class=\"elementor-widget-container\">\n\t\t\t\t\t<div class=\"grid-posts\"><div class=\"grid-post grid-col-1 image-position-\"><article id=\"post-4121\" class=\"post-4121 post type-post status-publish format-standard has-post-thumbnail hentry category-uncategorized tag-26 tag-apucorp tag-canada\">\r\n        <div class=\"post-content\">\r\n      <ul class=\"meta-position-top posts-meta\"><\/ul><h4 class=\"post-title\"><a href=\"https:\/\/apucorp.pe\/www\/site\/2026\/06\/17\/mario-de-las-casas-participo-como-panelista-en-el-foro-logistico-de-conamin-2026\/\">APUCORP particip\u00f3 como panelista en el Foro Log\u00edstico de CONAMIN 2026<\/a><\/h4><ul class=\"meta-position-mid posts-meta\"><li class=\"list-meta date_meta\"><span class=\"meta-text\">17 de junio de 2026<\/span><\/li><\/ul>            <ul class=\"meta-position-content posts-meta\"><\/ul>        <\/div>\r\n  <ul class=\"meta-position-bottom posts-meta\"><\/ul><\/article>\r\n<\/div><div class=\"grid-post grid-col-1 image-position-\"><article id=\"post-4016\" class=\"post-4016 post type-post status-publish format-standard has-post-thumbnail hentry category-uncategorized tag-26 tag-apucorp tag-canada\">\r\n        <div class=\"post-content\">\r\n      <ul class=\"meta-position-top posts-meta\"><\/ul><h4 class=\"post-title\"><a href=\"https:\/\/apucorp.pe\/www\/site\/2026\/06\/04\/snci-reune-a-lideres-del-sector-para-impulsar-la-competitividad-minera-e-infraestructura\/\">SNCI re\u00fane a l\u00edderes del sector para impulsar la competitividad minera e infraestructura<\/a><\/h4><ul class=\"meta-position-mid posts-meta\"><li class=\"list-meta date_meta\"><span class=\"meta-text\">4 de junio de 2026<\/span><\/li><\/ul>            <ul class=\"meta-position-content posts-meta\"><\/ul>        <\/div>\r\n  <ul class=\"meta-position-bottom posts-meta\"><\/ul><\/article>\r\n<\/div><div class=\"grid-post grid-col-1 image-position-\"><article id=\"post-3990\" class=\"post-3990 post type-post status-publish format-standard has-post-thumbnail hentry category-uncategorized tag-26 tag-apucorp tag-canada\">\r\n        <div class=\"post-content\">\r\n      <ul class=\"meta-position-top posts-meta\"><\/ul><h4 class=\"post-title\"><a href=\"https:\/\/apucorp.pe\/www\/site\/2026\/05\/21\/apucorp-presenta-su-vision-hacia-el-2030-en-el-networking-de-la-camara-de-comercio-canada-peru\/\">APUCORP presenta su visi\u00f3n hacia el 2030 en el Networking de la C\u00e1mara de Comercio Canad\u00e1-Per\u00fa<\/a><\/h4><ul class=\"meta-position-mid posts-meta\"><li class=\"list-meta date_meta\"><span class=\"meta-text\">21 de mayo de 2026<\/span><\/li><\/ul>            <ul class=\"meta-position-content posts-meta\"><\/ul>        <\/div>\r\n  <ul class=\"meta-position-bottom posts-meta\"><\/ul><\/article>\r\n<\/div><div class=\"grid-post grid-col-1 image-position-\"><article id=\"post-4108\" class=\"post-4108 post type-post status-publish format-standard has-post-thumbnail hentry category-uncategorized tag-26 tag-apucorp tag-canada\">\r\n        <div class=\"post-content\">\r\n      <ul class=\"meta-position-top posts-meta\"><\/ul><h4 class=\"post-title\"><a href=\"https:\/\/apucorp.pe\/www\/site\/2026\/05\/07\/apucorp-y-mdh-fortalece-su-liderazgo-en-perforacion-minera-durante-proexplo-2026\/\">APUCORP y MDH fortalece su liderazgo en perforaci\u00f3n minera durante proEXPLO 2026<\/a><\/h4><ul class=\"meta-position-mid posts-meta\"><li class=\"list-meta date_meta\"><span class=\"meta-text\">7 de mayo de 2026<\/span><\/li><\/ul>            <ul class=\"meta-position-content posts-meta\"><\/ul>        <\/div>\r\n  <ul class=\"meta-position-bottom posts-meta\"><\/ul><\/article>\r\n<\/div><div class=\"grid-post grid-col-1 image-position-\"><article id=\"post-4094\" class=\"post-4094 post type-post status-publish format-standard has-post-thumbnail hentry category-uncategorized tag-26 tag-apucorp tag-canada\">\r\n        <div class=\"post-content\">\r\n      <ul class=\"meta-position-top posts-meta\"><\/ul><h4 class=\"post-title\"><a href=\"https:\/\/apucorp.pe\/www\/site\/2026\/05\/05\/apucorp-aporta-su-vision-sobre-sostenibilidad-y-competitividad-minera-en-expocobre-2026\/\">APUCORP aporta su visi\u00f3n sobre sostenibilidad y competitividad minera en EXPOCOBRE 2026<\/a><\/h4><ul class=\"meta-position-mid posts-meta\"><li class=\"list-meta date_meta\"><span class=\"meta-text\">5 de mayo de 2026<\/span><\/li><\/ul>            <ul class=\"meta-position-content posts-meta\"><\/ul>        <\/div>\r\n  <ul class=\"meta-position-bottom posts-meta\"><\/ul><\/article>\r\n<\/div><div class=\"grid-post grid-col-1 image-position-\"><article id=\"post-3969\" class=\"post-3969 post type-post status-publish format-standard has-post-thumbnail hentry category-uncategorized tag-apucorp tag-minem tag-mineria tag-sostenibilidad\">\r\n        <div class=\"post-content\">\r\n      <ul class=\"meta-position-top posts-meta\"><\/ul><h4 class=\"post-title\"><a href=\"https:\/\/apucorp.pe\/www\/site\/2026\/04\/07\/apucorp-y-el-minem-refuerzan-el-dialogo-para-una-mineria-moderna-y-sostenible\/\">APUCORP y el MINEM refuerzan el di\u00e1logo para una miner\u00eda moderna y sostenible<\/a><\/h4><ul class=\"meta-position-mid posts-meta\"><li class=\"list-meta date_meta\"><span class=\"meta-text\">7 de abril de 2026<\/span><\/li><\/ul>            <ul class=\"meta-position-content posts-meta\"><\/ul>        <\/div>\r\n  <ul class=\"meta-position-bottom posts-meta\"><\/ul><\/article>\r\n<\/div><div class=\"grid-post grid-col-1 image-position-\"><article id=\"post-3978\" class=\"post-3978 post type-post status-publish format-standard has-post-thumbnail hentry category-uncategorized tag-apucorp tag-indumin tag-mdh\">\r\n        <div class=\"post-content\">\r\n      <ul class=\"meta-position-top posts-meta\"><\/ul><h4 class=\"post-title\"><a href=\"https:\/\/apucorp.pe\/www\/site\/2026\/03\/12\/mdh-represento-a-apucorp-en-indumin-el-principal-encuentro-de-la-mineria-a-pequena-escala\/\">MDH represent\u00f3 a APUCORP en INDUMIN, el principal encuentro de la miner\u00eda a peque\u00f1a escala<\/a><\/h4><ul class=\"meta-position-mid posts-meta\"><li class=\"list-meta date_meta\"><span class=\"meta-text\">12 de marzo de 2026<\/span><\/li><\/ul>            <ul class=\"meta-position-content posts-meta\"><\/ul>        <\/div>\r\n  <ul class=\"meta-position-bottom posts-meta\"><\/ul><\/article>\r\n<\/div><div class=\"grid-post grid-col-1 image-position-\"><article id=\"post-3962\" class=\"post-3962 post type-post status-publish format-standard has-post-thumbnail hentry category-uncategorized tag-apucorp tag-sostenibilidad\">\r\n        <div class=\"post-content\">\r\n      <ul class=\"meta-position-top posts-meta\"><\/ul><h4 class=\"post-title\"><a href=\"https:\/\/apucorp.pe\/www\/site\/2026\/03\/09\/silvia-noriega-participo-como-panelista-en-el-iii-foro-antawarmi\/\">APUCORP particip\u00f3 como panelista en el III Foro Antawarmi<\/a><\/h4><ul class=\"meta-position-mid posts-meta\"><li class=\"list-meta date_meta\"><span class=\"meta-text\">9 de marzo de 2026<\/span><\/li><\/ul>            <ul class=\"meta-position-content posts-meta\"><\/ul>        <\/div>\r\n  <ul class=\"meta-position-bottom posts-meta\"><\/ul><\/article>\r\n<\/div><div class=\"grid-post grid-col-1 image-position-\"><article id=\"post-3882\" class=\"post-3882 post type-post status-publish format-standard has-post-thumbnail hentry category-uncategorized tag-apucorp tag-pdac tag-peruday tag-sector-minero\">\r\n        <div class=\"post-content\">\r\n      <ul class=\"meta-position-top posts-meta\"><\/ul><h4 class=\"post-title\"><a href=\"https:\/\/apucorp.pe\/www\/site\/2026\/03\/05\/apucorp-fortalece-su-posicionamiento-internacional-con-participacion-en-pdac-2026\/\">APUCORP fortalece su posicionamiento internacional con participaci\u00f3n en PDAC 2026<\/a><\/h4><ul class=\"meta-position-mid posts-meta\"><li class=\"list-meta date_meta\"><span class=\"meta-text\">5 de marzo de 2026<\/span><\/li><\/ul>            <ul class=\"meta-position-content posts-meta\"><\/ul>        <\/div>\r\n  <ul class=\"meta-position-bottom posts-meta\"><\/ul><\/article>\r\n<\/div><div class=\"grid-post grid-col-1 image-position-\"><article id=\"post-4058\" class=\"post-4058 post type-post status-publish format-standard has-post-thumbnail hentry category-uncategorized tag-26 tag-apucorp tag-canada\">\r\n        <div class=\"post-content\">\r\n      <ul class=\"meta-position-top posts-meta\"><\/ul><h4 class=\"post-title\"><a href=\"https:\/\/apucorp.pe\/www\/site\/2026\/01\/08\/apucorp-fortalece-su-presencia-institucional-con-incorporacion-de-carlos-tejada-al-consejo-directivo-de-la-snci\/\">APUCORP fortalece su presencia institucional con incorporaci\u00f3n de Carlos Tejada al Consejo Directivo de la SNCI<\/a><\/h4><ul class=\"meta-position-mid posts-meta\"><li class=\"list-meta date_meta\"><span class=\"meta-text\">8 de enero de 2026<\/span><\/li><\/ul>            <ul class=\"meta-position-content posts-meta\"><\/ul>        <\/div>\r\n  <ul class=\"meta-position-bottom posts-meta\"><\/ul><\/article>\r\n<\/div><\/div><div class=\"not-empty\">&nbsp;<\/div><div class=\"grid-posts-pagination paging\" dir=\"ltr\"><ul><li><span aria-current=\"page\" class=\"page-numbers current\"><span>1<\/span><\/span><\/li><li><a class=\"page-numbers\" href=\"https:\/\/apucorp.pe\/www\/site\/wp-json\/wp\/v2\/posts\/4121\/page\/2\/\"><span>2<\/span><\/a><\/li><li><a class=\"next page-numbers\" href=\"https:\/\/apucorp.pe\/www\/site\/wp-json\/wp\/v2\/posts\/4121\/page\/2\/\"><span>Next<\/span><\/a><\/li><\/ul><\/div>\t\t\t\t<\/div>\n\t\t\t\t<\/div>\n\t\t\t\t<\/div>\n\t\t\t\t<div class=\"elementor-element elementor-element-31badb58 gallery-spacing-custom elementor-widget elementor-widget-image-gallery\" data-id=\"31badb58\" data-element_type=\"widget\" data-widget_type=\"image-gallery.default\">\n\t\t\t\t\t\t\t<div class=\"elementor-image-gallery\">\n\t\t\t<div id='gallery-1' class='gallery galleryid-4121 gallery-columns-2 gallery-size-full'><figure class='gallery-item'>\n\t\t\t<div class='gallery-icon landscape'>\n\t\t\t\t<a data-elementor-open-lightbox=\"yes\" data-elementor-lightbox-slideshow=\"31badb58\" data-elementor-lightbox-title=\"IMG_6807.JPG\" data-e-action-hash=\"#elementor-action%3Aaction%3Dlightbox%26settings%3DeyJpZCI6NDEyOCwidXJsIjoiaHR0cHM6XC9cL2FwdWNvcnAucGVcL3d3d1wvc2l0ZVwvd3AtY29udGVudFwvdXBsb2Fkc1wvMjAyNlwvMDZcL0lNR182ODA3LkpQRy1zY2FsZWQuanBlZyIsInNsaWRlc2hvdyI6IjMxYmFkYjU4In0%3D\" href='https:\/\/apucorp.pe\/www\/site\/wp-content\/uploads\/2026\/06\/IMG_6807.JPG-scaled.jpeg'><img fetchpriority=\"high\" decoding=\"async\" width=\"2560\" height=\"1822\" src=\"https:\/\/apucorp.pe\/www\/site\/wp-content\/uploads\/2026\/06\/IMG_6807.JPG-scaled.jpeg\" class=\"attachment-full size-full\" alt=\"\" srcset=\"https:\/\/apucorp.pe\/www\/site\/wp-content\/uploads\/2026\/06\/IMG_6807.JPG-scaled.jpeg 2560w, https:\/\/apucorp.pe\/www\/site\/wp-content\/uploads\/2026\/06\/IMG_6807.JPG-300x214.jpeg 300w, https:\/\/apucorp.pe\/www\/site\/wp-content\/uploads\/2026\/06\/IMG_6807.JPG-1024x729.jpeg 1024w, https:\/\/apucorp.pe\/www\/site\/wp-content\/uploads\/2026\/06\/IMG_6807.JPG-768x547.jpeg 768w, https:\/\/apucorp.pe\/www\/site\/wp-content\/uploads\/2026\/06\/IMG_6807.JPG-1536x1093.jpeg 1536w, https:\/\/apucorp.pe\/www\/site\/wp-content\/uploads\/2026\/06\/IMG_6807.JPG-2048x1458.jpeg 2048w\" sizes=\"(max-width: 2560px) 100vw, 2560px\" \/><\/a>\n\t\t\t<\/div><\/figure><figure class='gallery-item'>\n\t\t\t<div class='gallery-icon landscape'>\n\t\t\t\t<a data-elementor-open-lightbox=\"yes\" data-elementor-lightbox-slideshow=\"31badb58\" data-elementor-lightbox-title=\"IMG_6806.JPG\" data-e-action-hash=\"#elementor-action%3Aaction%3Dlightbox%26settings%3DeyJpZCI6NDEyNywidXJsIjoiaHR0cHM6XC9cL2FwdWNvcnAucGVcL3d3d1wvc2l0ZVwvd3AtY29udGVudFwvdXBsb2Fkc1wvMjAyNlwvMDZcL0lNR182ODA2LkpQRy1zY2FsZWQuanBlZyIsInNsaWRlc2hvdyI6IjMxYmFkYjU4In0%3D\" href='https:\/\/apucorp.pe\/www\/site\/wp-content\/uploads\/2026\/06\/IMG_6806.JPG-scaled.jpeg'><img decoding=\"async\" width=\"2560\" height=\"1707\" src=\"https:\/\/apucorp.pe\/www\/site\/wp-content\/uploads\/2026\/06\/IMG_6806.JPG-scaled.jpeg\" class=\"attachment-full size-full\" alt=\"\" srcset=\"https:\/\/apucorp.pe\/www\/site\/wp-content\/uploads\/2026\/06\/IMG_6806.JPG-scaled.jpeg 2560w, https:\/\/apucorp.pe\/www\/site\/wp-content\/uploads\/2026\/06\/IMG_6806.JPG-300x200.jpeg 300w, https:\/\/apucorp.pe\/www\/site\/wp-content\/uploads\/2026\/06\/IMG_6806.JPG-1024x683.jpeg 1024w, https:\/\/apucorp.pe\/www\/site\/wp-content\/uploads\/2026\/06\/IMG_6806.JPG-768x512.jpeg 768w, https:\/\/apucorp.pe\/www\/site\/wp-content\/uploads\/2026\/06\/IMG_6806.JPG-1536x1024.jpeg 1536w, https:\/\/apucorp.pe\/www\/site\/wp-content\/uploads\/2026\/06\/IMG_6806.JPG-2048x1365.jpeg 2048w\" sizes=\"(max-width: 2560px) 100vw, 2560px\" \/><\/a>\n\t\t\t<\/div><\/figure><figure class='gallery-item'>\n\t\t\t<div class='gallery-icon landscape'>\n\t\t\t\t<a data-elementor-open-lightbox=\"yes\" data-elementor-lightbox-slideshow=\"31badb58\" data-elementor-lightbox-title=\"IMG_6801.JPG\" data-e-action-hash=\"#elementor-action%3Aaction%3Dlightbox%26settings%3DeyJpZCI6NDEyNiwidXJsIjoiaHR0cHM6XC9cL2FwdWNvcnAucGVcL3d3d1wvc2l0ZVwvd3AtY29udGVudFwvdXBsb2Fkc1wvMjAyNlwvMDZcL0lNR182ODAxLkpQRy1zY2FsZWQuanBlZyIsInNsaWRlc2hvdyI6IjMxYmFkYjU4In0%3D\" href='https:\/\/apucorp.pe\/www\/site\/wp-content\/uploads\/2026\/06\/IMG_6801.JPG-scaled.jpeg'><img decoding=\"async\" width=\"2560\" height=\"1639\" src=\"https:\/\/apucorp.pe\/www\/site\/wp-content\/uploads\/2026\/06\/IMG_6801.JPG-scaled.jpeg\" class=\"attachment-full size-full\" alt=\"\" srcset=\"https:\/\/apucorp.pe\/www\/site\/wp-content\/uploads\/2026\/06\/IMG_6801.JPG-scaled.jpeg 2560w, https:\/\/apucorp.pe\/www\/site\/wp-content\/uploads\/2026\/06\/IMG_6801.JPG-300x192.jpeg 300w, https:\/\/apucorp.pe\/www\/site\/wp-content\/uploads\/2026\/06\/IMG_6801.JPG-1024x656.jpeg 1024w, https:\/\/apucorp.pe\/www\/site\/wp-content\/uploads\/2026\/06\/IMG_6801.JPG-768x492.jpeg 768w, https:\/\/apucorp.pe\/www\/site\/wp-content\/uploads\/2026\/06\/IMG_6801.JPG-1536x984.jpeg 1536w, https:\/\/apucorp.pe\/www\/site\/wp-content\/uploads\/2026\/06\/IMG_6801.JPG-2048x1311.jpeg 2048w\" sizes=\"(max-width: 2560px) 100vw, 2560px\" \/><\/a>\n\t\t\t<\/div><\/figure><figure class='gallery-item'>\n\t\t\t<div class='gallery-icon landscape'>\n\t\t\t\t<a data-elementor-open-lightbox=\"yes\" data-elementor-lightbox-slideshow=\"31badb58\" data-elementor-lightbox-title=\"IMG_6800.JPG\" data-e-action-hash=\"#elementor-action%3Aaction%3Dlightbox%26settings%3DeyJpZCI6NDEyNSwidXJsIjoiaHR0cHM6XC9cL2FwdWNvcnAucGVcL3d3d1wvc2l0ZVwvd3AtY29udGVudFwvdXBsb2Fkc1wvMjAyNlwvMDZcL0lNR182ODAwLkpQRy1zY2FsZWQuanBlZyIsInNsaWRlc2hvdyI6IjMxYmFkYjU4In0%3D\" href='https:\/\/apucorp.pe\/www\/site\/wp-content\/uploads\/2026\/06\/IMG_6800.JPG-scaled.jpeg'><img loading=\"lazy\" decoding=\"async\" width=\"2560\" height=\"1707\" src=\"https:\/\/apucorp.pe\/www\/site\/wp-content\/uploads\/2026\/06\/IMG_6800.JPG-scaled.jpeg\" class=\"attachment-full size-full\" alt=\"\" srcset=\"https:\/\/apucorp.pe\/www\/site\/wp-content\/uploads\/2026\/06\/IMG_6800.JPG-scaled.jpeg 2560w, https:\/\/apucorp.pe\/www\/site\/wp-content\/uploads\/2026\/06\/IMG_6800.JPG-300x200.jpeg 300w, https:\/\/apucorp.pe\/www\/site\/wp-content\/uploads\/2026\/06\/IMG_6800.JPG-1024x683.jpeg 1024w, https:\/\/apucorp.pe\/www\/site\/wp-content\/uploads\/2026\/06\/IMG_6800.JPG-768x512.jpeg 768w, https:\/\/apucorp.pe\/www\/site\/wp-content\/uploads\/2026\/06\/IMG_6800.JPG-1536x1024.jpeg 1536w, https:\/\/apucorp.pe\/www\/site\/wp-content\/uploads\/2026\/06\/IMG_6800.JPG-2048x1365.jpeg 2048w\" sizes=\"(max-width: 2560px) 100vw, 2560px\" \/><\/a>\n\t\t\t<\/div><\/figure>\n\t\t<\/div>\n\t\t<\/div>\n\t\t\t\t\t\t<\/div>\n\t\t\t\t<\/div>\n\t\t\t\t\t<\/div>\n\t\t\t\t<\/div>\n\t\t\t\t<\/div>\n\t\t","protected":false},"excerpt":{"rendered":"<p>APUCORP particip\u00f3 como panelista en el Foro Log\u00edstico de CONAMIN 2026 Lima, 17 de Junio de 2026.- Mario de las Casas, Director Corporativo de Empresas de Servicios de APUCORP, particip\u00f3 como panelista en el Foro Log\u00edstico de CONAMIN 2026, espacio que reuni\u00f3 a representantes de compa\u00f1\u00edas mineras y empresas proveedoras para analizar los principales desaf\u00edos y oportunidades que enfrenta el sector. Durante el encuentro, se abordaron temas clave relacionados con la generaci\u00f3n de valor en la cadena de suministro minera, destacando la importancia de construir relaciones basadas en la confianza, el compromiso, la comunicaci\u00f3n efectiva y la colaboraci\u00f3n entre clientes y proveedores. Asimismo, las discusiones permitieron reflexionar sobre los retos actuales de la industria, entre ellos el desarrollo y retenci\u00f3n de talento especializado, la mejora continua de los procesos de contrataci\u00f3n y la necesidad de fortalecer el trabajo conjunto para alcanzar objetivos comunes. La participaci\u00f3n de APUCORP en este tipo de espacios reafirma su compromiso con el intercambio de conocimiento y la promoci\u00f3n de iniciativas que contribuyan al fortalecimiento de una miner\u00eda m\u00e1s eficiente, competitiva y sostenible. A trav\u00e9s del di\u00e1logo y la colaboraci\u00f3n entre los distintos actores del ecosistema minero, es posible generar soluciones que impulsen el desarrollo del sector y contribuyan al crecimiento del pa\u00eds. \u00daltimas noticias APUCORP particip\u00f3 como panelista en el Foro Log\u00edstico de CONAMIN 2026 17 de junio de 2026 SNCI re\u00fane a l\u00edderes del sector para impulsar la competitividad minera e infraestructura 4 de junio de 2026 APUCORP presenta su visi\u00f3n hacia el 2030 en el Networking de la C\u00e1mara de Comercio Canad\u00e1-Per\u00fa 21 de mayo de 2026 APUCORP y MDH fortalece su liderazgo en perforaci\u00f3n minera durante proEXPLO 2026 7 de mayo de 2026 APUCORP aporta su visi\u00f3n sobre sostenibilidad y competitividad minera en EXPOCOBRE 2026 5 de mayo de 2026 APUCORP y el MINEM refuerzan el di\u00e1logo para una miner\u00eda moderna y sostenible 7 de abril de 2026 MDH represent\u00f3 a APUCORP en INDUMIN, el principal encuentro de la miner\u00eda a peque\u00f1a escala 12 de marzo de 2026 APUCORP particip\u00f3 como panelista en el III Foro Antawarmi 9 de marzo de 2026 APUCORP fortalece su posicionamiento internacional con participaci\u00f3n en PDAC 2026 5 de marzo de 2026 APUCORP fortalece su presencia institucional con incorporaci\u00f3n de Carlos Tejada al Consejo Directivo de la SNCI 8 de enero de 2026 &nbsp; 1 2 Next<\/p>\n","protected":false},"author":1,"featured_media":4124,"comment_status":"closed","ping_status":"open","sticky":false,"template":"","format":"standard","meta":{"footnotes":""},"categories":[1],"tags":[26,10,25],"class_list":["post-4121","post","type-post","status-publish","format-standard","has-post-thumbnail","hentry","category-uncategorized","tag-26","tag-apucorp","tag-canada"],"yoast_head":"<!-- This site is optimized with the Yoast SEO plugin v26.6 - https:\/\/yoast.com\/wordpress\/plugins\/seo\/ -->\n<title>APUCORP particip\u00f3 como panelista en el Foro Log\u00edstico de CONAMIN 2026 | Apucorp<\/title>\n<meta name=\"description\" content=\"Somos un grupo empresarial de capitales peruanos, diversificado, que apuesta por el liderazgo en miner\u00eda y otros sectores estrat\u00e9gicos como infraestructura, salud, comercio e industria.\" \/>\n<meta name=\"robots\" content=\"index, follow, max-snippet:-1, max-image-preview:large, max-video-preview:-1\" \/>\n<link rel=\"canonical\" href=\"https:\/\/apucorp.pe\/www\/site\/2026\/06\/17\/mario-de-las-casas-participo-como-panelista-en-el-foro-logistico-de-conamin-2026\/\" \/>\n<meta property=\"og:locale\" content=\"es_ES\" \/>\n<meta property=\"og:type\" content=\"article\" \/>\n<meta property=\"og:title\" content=\"APUCORP particip\u00f3 como panelista en el Foro Log\u00edstico de CONAMIN 2026 | Apucorp\" \/>\n<meta property=\"og:description\" content=\"Somos un grupo empresarial de capitales peruanos, diversificado, que apuesta por el liderazgo en miner\u00eda y otros sectores estrat\u00e9gicos como infraestructura, salud, comercio e industria.\" \/>\n<meta property=\"og:url\" content=\"https:\/\/apucorp.pe\/www\/site\/2026\/06\/17\/mario-de-las-casas-participo-como-panelista-en-el-foro-logistico-de-conamin-2026\/\" \/>\n<meta property=\"og:site_name\" content=\"Apucorp\" \/>\n<meta property=\"article:publisher\" content=\"https:\/\/www.facebook.com\/apucorp\" \/>\n<meta property=\"article:published_time\" content=\"2026-06-17T19:44:04+00:00\" \/>\n<meta property=\"article:modified_time\" content=\"2026-06-25T14:10:28+00:00\" \/>\n<meta property=\"og:image\" content=\"https:\/\/apucorp.pe\/www\/site\/wp-content\/uploads\/2026\/06\/IMG_6815.JPG-scaled.jpeg\" \/>\n\t<meta property=\"og:image:width\" content=\"2560\" \/>\n\t<meta property=\"og:image:height\" content=\"1707\" \/>\n\t<meta property=\"og:image:type\" content=\"image\/jpeg\" \/>\n<meta name=\"author\" content=\"userwebapu\" \/>\n<meta name=\"twitter:card\" content=\"summary_large_image\" \/>\n<meta name=\"twitter:label1\" content=\"Escrito por\" \/>\n\t<meta name=\"twitter:data1\" content=\"userwebapu\" \/>\n\t<meta name=\"twitter:label2\" content=\"Tiempo de lectura\" \/>\n\t<meta name=\"twitter:data2\" content=\"2 minutos\" \/>\n<script type=\"application\/ld+json\" class=\"yoast-schema-graph\">{\"@context\":\"https:\/\/schema.org\",\"@graph\":[{\"@type\":\"Article\",\"@id\":\"https:\/\/apucorp.pe\/www\/site\/2026\/06\/17\/mario-de-las-casas-participo-como-panelista-en-el-foro-logistico-de-conamin-2026\/#article\",\"isPartOf\":{\"@id\":\"https:\/\/apucorp.pe\/www\/site\/2026\/06\/17\/mario-de-las-casas-participo-como-panelista-en-el-foro-logistico-de-conamin-2026\/\"},\"author\":{\"name\":\"userwebapu\",\"@id\":\"https:\/\/apucorp.pe\/www\/site\/#\/schema\/person\/5c9ddd4781425dbfd0545bf90efca79c\"},\"headline\":\"APUCORP particip\u00f3 como panelista en el Foro Log\u00edstico de CONAMIN 2026\",\"datePublished\":\"2026-06-17T19:44:04+00:00\",\"dateModified\":\"2026-06-25T14:10:28+00:00\",\"mainEntityOfPage\":{\"@id\":\"https:\/\/apucorp.pe\/www\/site\/2026\/06\/17\/mario-de-las-casas-participo-como-panelista-en-el-foro-logistico-de-conamin-2026\/\"},\"wordCount\":402,\"publisher\":{\"@id\":\"https:\/\/apucorp.pe\/www\/site\/#organization\"},\"image\":{\"@id\":\"https:\/\/apucorp.pe\/www\/site\/2026\/06\/17\/mario-de-las-casas-participo-como-panelista-en-el-foro-logistico-de-conamin-2026\/#primaryimage\"},\"thumbnailUrl\":\"https:\/\/apucorp.pe\/www\/site\/wp-content\/uploads\/2026\/06\/IMG_6815.JPG-scaled.jpeg\",\"keywords\":[\"2030\",\"Apucorp\",\"CANAD\u00c1\"],\"articleSection\":[\"Uncategorized\"],\"inLanguage\":\"es\"},{\"@type\":\"WebPage\",\"@id\":\"https:\/\/apucorp.pe\/www\/site\/2026\/06\/17\/mario-de-las-casas-participo-como-panelista-en-el-foro-logistico-de-conamin-2026\/\",\"url\":\"https:\/\/apucorp.pe\/www\/site\/2026\/06\/17\/mario-de-las-casas-participo-como-panelista-en-el-foro-logistico-de-conamin-2026\/\",\"name\":\"APUCORP particip\u00f3 como panelista en el Foro Log\u00edstico de CONAMIN 2026 | Apucorp\",\"isPartOf\":{\"@id\":\"https:\/\/apucorp.pe\/www\/site\/#website\"},\"primaryImageOfPage\":{\"@id\":\"https:\/\/apucorp.pe\/www\/site\/2026\/06\/17\/mario-de-las-casas-participo-como-panelista-en-el-foro-logistico-de-conamin-2026\/#primaryimage\"},\"image\":{\"@id\":\"https:\/\/apucorp.pe\/www\/site\/2026\/06\/17\/mario-de-las-casas-participo-como-panelista-en-el-foro-logistico-de-conamin-2026\/#primaryimage\"},\"thumbnailUrl\":\"https:\/\/apucorp.pe\/www\/site\/wp-content\/uploads\/2026\/06\/IMG_6815.JPG-scaled.jpeg\",\"datePublished\":\"2026-06-17T19:44:04+00:00\",\"dateModified\":\"2026-06-25T14:10:28+00:00\",\"description\":\"Somos un grupo empresarial de capitales peruanos, diversificado, que apuesta por el liderazgo en miner\u00eda y otros sectores estrat\u00e9gicos como infraestructura, salud, comercio e industria.\",\"breadcrumb\":{\"@id\":\"https:\/\/apucorp.pe\/www\/site\/2026\/06\/17\/mario-de-las-casas-participo-como-panelista-en-el-foro-logistico-de-conamin-2026\/#breadcrumb\"},\"inLanguage\":\"es\",\"potentialAction\":[{\"@type\":\"ReadAction\",\"target\":[\"https:\/\/apucorp.pe\/www\/site\/2026\/06\/17\/mario-de-las-casas-participo-como-panelista-en-el-foro-logistico-de-conamin-2026\/\"]}]},{\"@type\":\"ImageObject\",\"inLanguage\":\"es\",\"@id\":\"https:\/\/apucorp.pe\/www\/site\/2026\/06\/17\/mario-de-las-casas-participo-como-panelista-en-el-foro-logistico-de-conamin-2026\/#primaryimage\",\"url\":\"https:\/\/apucorp.pe\/www\/site\/wp-content\/uploads\/2026\/06\/IMG_6815.JPG-scaled.jpeg\",\"contentUrl\":\"https:\/\/apucorp.pe\/www\/site\/wp-content\/uploads\/2026\/06\/IMG_6815.JPG-scaled.jpeg\",\"width\":2560,\"height\":1707},{\"@type\":\"BreadcrumbList\",\"@id\":\"https:\/\/apucorp.pe\/www\/site\/2026\/06\/17\/mario-de-las-casas-participo-como-panelista-en-el-foro-logistico-de-conamin-2026\/#breadcrumb\",\"itemListElement\":[{\"@type\":\"ListItem\",\"position\":1,\"name\":\"Portada\",\"item\":\"https:\/\/apucorp.pe\/www\/site\/\"},{\"@type\":\"ListItem\",\"position\":2,\"name\":\"APUCORP particip\u00f3 como panelista en el Foro Log\u00edstico de CONAMIN 2026\"}]},{\"@type\":\"WebSite\",\"@id\":\"https:\/\/apucorp.pe\/www\/site\/#website\",\"url\":\"https:\/\/apucorp.pe\/www\/site\/\",\"name\":\"Grupo empresarial APUCORP\",\"description\":\"Somos un grupo empresarial de capitales peruanos, diversificado, que apuesta por el liderazgo en miner\u00eda y otros sectores estrat\u00e9gicos como infraestructura, salud, comercio e industria.\",\"publisher\":{\"@id\":\"https:\/\/apucorp.pe\/www\/site\/#organization\"},\"alternateName\":\"Grupo empresarial APUCORP\",\"potentialAction\":[{\"@type\":\"SearchAction\",\"target\":{\"@type\":\"EntryPoint\",\"urlTemplate\":\"https:\/\/apucorp.pe\/www\/site\/?s={search_term_string}\"},\"query-input\":{\"@type\":\"PropertyValueSpecification\",\"valueRequired\":true,\"valueName\":\"search_term_string\"}}],\"inLanguage\":\"es\"},{\"@type\":\"Organization\",\"@id\":\"https:\/\/apucorp.pe\/www\/site\/#organization\",\"name\":\"Apucorp\",\"alternateName\":\"Apucorp\",\"url\":\"https:\/\/apucorp.pe\/www\/site\/\",\"logo\":{\"@type\":\"ImageObject\",\"inLanguage\":\"es\",\"@id\":\"https:\/\/apucorp.pe\/www\/site\/#\/schema\/logo\/image\/\",\"url\":\"https:\/\/apucorp.pe\/www\/site\/wp-content\/uploads\/2025\/09\/LogoApucorp2.jpg\",\"contentUrl\":\"https:\/\/apucorp.pe\/www\/site\/wp-content\/uploads\/2025\/09\/LogoApucorp2.jpg\",\"width\":1278,\"height\":499,\"caption\":\"Apucorp\"},\"image\":{\"@id\":\"https:\/\/apucorp.pe\/www\/site\/#\/schema\/logo\/image\/\"},\"sameAs\":[\"https:\/\/www.facebook.com\/apucorp\",\"https:\/\/www.linkedin.com\/company\/apucorp\/\",\"https:\/\/www.youtube.com\/@APUCORP\"]},{\"@type\":\"Person\",\"@id\":\"https:\/\/apucorp.pe\/www\/site\/#\/schema\/person\/5c9ddd4781425dbfd0545bf90efca79c\",\"name\":\"userwebapu\",\"image\":{\"@type\":\"ImageObject\",\"inLanguage\":\"es\",\"@id\":\"https:\/\/apucorp.pe\/www\/site\/#\/schema\/person\/image\/\",\"url\":\"https:\/\/secure.gravatar.com\/avatar\/5cd137db011afc0b4bf45b736aa3165b6a229e580322321524209a42e5f369b6?s=96&d=mm&r=g\",\"contentUrl\":\"https:\/\/secure.gravatar.com\/avatar\/5cd137db011afc0b4bf45b736aa3165b6a229e580322321524209a42e5f369b6?s=96&d=mm&r=g\",\"caption\":\"userwebapu\"},\"sameAs\":[\"https:\/\/apucorp.pe\/www\/site\/\"],\"url\":\"https:\/\/apucorp.pe\/www\/site\/author\/userwebapu\/\"}]}<\/script>\n<!-- \/ Yoast SEO plugin. -->","yoast_head_json":{"title":"APUCORP particip\u00f3 como panelista en el Foro Log\u00edstico de CONAMIN 2026 | Apucorp","description":"Somos un grupo empresarial de capitales peruanos, diversificado, que apuesta por el liderazgo en miner\u00eda y otros sectores estrat\u00e9gicos como infraestructura, salud, comercio e industria.","robots":{"index":"index","follow":"follow","max-snippet":"max-snippet:-1","max-image-preview":"max-image-preview:large","max-video-preview":"max-video-preview:-1"},"canonical":"https:\/\/apucorp.pe\/www\/site\/2026\/06\/17\/mario-de-las-casas-participo-como-panelista-en-el-foro-logistico-de-conamin-2026\/","og_locale":"es_ES","og_type":"article","og_title":"APUCORP particip\u00f3 como panelista en el Foro Log\u00edstico de CONAMIN 2026 | Apucorp","og_description":"Somos un grupo empresarial de capitales peruanos, diversificado, que apuesta por el liderazgo en miner\u00eda y otros sectores estrat\u00e9gicos como infraestructura, salud, comercio e industria.","og_url":"https:\/\/apucorp.pe\/www\/site\/2026\/06\/17\/mario-de-las-casas-participo-como-panelista-en-el-foro-logistico-de-conamin-2026\/","og_site_name":"Apucorp","article_publisher":"https:\/\/www.facebook.com\/apucorp","article_published_time":"2026-06-17T19:44:04+00:00","article_modified_time":"2026-06-25T14:10:28+00:00","og_image":[{"width":2560,"height":1707,"url":"https:\/\/apucorp.pe\/www\/site\/wp-content\/uploads\/2026\/06\/IMG_6815.JPG-scaled.jpeg","type":"image\/jpeg"}],"author":"userwebapu","twitter_card":"summary_large_image","twitter_misc":{"Escrito por":"userwebapu","Tiempo de lectura":"2 minutos"},"schema":{"@context":"https:\/\/schema.org","@graph":[{"@type":"Article","@id":"https:\/\/apucorp.pe\/www\/site\/2026\/06\/17\/mario-de-las-casas-participo-como-panelista-en-el-foro-logistico-de-conamin-2026\/#article","isPartOf":{"@id":"https:\/\/apucorp.pe\/www\/site\/2026\/06\/17\/mario-de-las-casas-participo-como-panelista-en-el-foro-logistico-de-conamin-2026\/"},"author":{"name":"userwebapu","@id":"https:\/\/apucorp.pe\/www\/site\/#\/schema\/person\/5c9ddd4781425dbfd0545bf90efca79c"},"headline":"APUCORP particip\u00f3 como panelista en el Foro Log\u00edstico de CONAMIN 2026","datePublished":"2026-06-17T19:44:04+00:00","dateModified":"2026-06-25T14:10:28+00:00","mainEntityOfPage":{"@id":"https:\/\/apucorp.pe\/www\/site\/2026\/06\/17\/mario-de-las-casas-participo-como-panelista-en-el-foro-logistico-de-conamin-2026\/"},"wordCount":402,"publisher":{"@id":"https:\/\/apucorp.pe\/www\/site\/#organization"},"image":{"@id":"https:\/\/apucorp.pe\/www\/site\/2026\/06\/17\/mario-de-las-casas-participo-como-panelista-en-el-foro-logistico-de-conamin-2026\/#primaryimage"},"thumbnailUrl":"https:\/\/apucorp.pe\/www\/site\/wp-content\/uploads\/2026\/06\/IMG_6815.JPG-scaled.jpeg","keywords":["2030","Apucorp","CANAD\u00c1"],"articleSection":["Uncategorized"],"inLanguage":"es"},{"@type":"WebPage","@id":"https:\/\/apucorp.pe\/www\/site\/2026\/06\/17\/mario-de-las-casas-participo-como-panelista-en-el-foro-logistico-de-conamin-2026\/","url":"https:\/\/apucorp.pe\/www\/site\/2026\/06\/17\/mario-de-las-casas-participo-como-panelista-en-el-foro-logistico-de-conamin-2026\/","name":"APUCORP particip\u00f3 como panelista en el Foro Log\u00edstico de CONAMIN 2026 | Apucorp","isPartOf":{"@id":"https:\/\/apucorp.pe\/www\/site\/#website"},"primaryImageOfPage":{"@id":"https:\/\/apucorp.pe\/www\/site\/2026\/06\/17\/mario-de-las-casas-participo-como-panelista-en-el-foro-logistico-de-conamin-2026\/#primaryimage"},"image":{"@id":"https:\/\/apucorp.pe\/www\/site\/2026\/06\/17\/mario-de-las-casas-participo-como-panelista-en-el-foro-logistico-de-conamin-2026\/#primaryimage"},"thumbnailUrl":"https:\/\/apucorp.pe\/www\/site\/wp-content\/uploads\/2026\/06\/IMG_6815.JPG-scaled.jpeg","datePublished":"2026-06-17T19:44:04+00:00","dateModified":"2026-06-25T14:10:28+00:00","description":"Somos un grupo empresarial de capitales peruanos, diversificado, que apuesta por el liderazgo en miner\u00eda y otros sectores estrat\u00e9gicos como infraestructura, salud, comercio e industria.","breadcrumb":{"@id":"https:\/\/apucorp.pe\/www\/site\/2026\/06\/17\/mario-de-las-casas-participo-como-panelista-en-el-foro-logistico-de-conamin-2026\/#breadcrumb"},"inLanguage":"es","potentialAction":[{"@type":"ReadAction","target":["https:\/\/apucorp.pe\/www\/site\/2026\/06\/17\/mario-de-las-casas-participo-como-panelista-en-el-foro-logistico-de-conamin-2026\/"]}]},{"@type":"ImageObject","inLanguage":"es","@id":"https:\/\/apucorp.pe\/www\/site\/2026\/06\/17\/mario-de-las-casas-participo-como-panelista-en-el-foro-logistico-de-conamin-2026\/#primaryimage","url":"https:\/\/apucorp.pe\/www\/site\/wp-content\/uploads\/2026\/06\/IMG_6815.JPG-scaled.jpeg","contentUrl":"https:\/\/apucorp.pe\/www\/site\/wp-content\/uploads\/2026\/06\/IMG_6815.JPG-scaled.jpeg","width":2560,"height":1707},{"@type":"BreadcrumbList","@id":"https:\/\/apucorp.pe\/www\/site\/2026\/06\/17\/mario-de-las-casas-participo-como-panelista-en-el-foro-logistico-de-conamin-2026\/#breadcrumb","itemListElement":[{"@type":"ListItem","position":1,"name":"Portada","item":"https:\/\/apucorp.pe\/www\/site\/"},{"@type":"ListItem","position":2,"name":"APUCORP particip\u00f3 como panelista en el Foro Log\u00edstico de CONAMIN 2026"}]},{"@type":"WebSite","@id":"https:\/\/apucorp.pe\/www\/site\/#website","url":"https:\/\/apucorp.pe\/www\/site\/","name":"Grupo empresarial APUCORP","description":"Somos un grupo empresarial de capitales peruanos, diversificado, que apuesta por el liderazgo en miner\u00eda y otros sectores estrat\u00e9gicos como infraestructura, salud, comercio e industria.","publisher":{"@id":"https:\/\/apucorp.pe\/www\/site\/#organization"},"alternateName":"Grupo empresarial APUCORP","potentialAction":[{"@type":"SearchAction","target":{"@type":"EntryPoint","urlTemplate":"https:\/\/apucorp.pe\/www\/site\/?s={search_term_string}"},"query-input":{"@type":"PropertyValueSpecification","valueRequired":true,"valueName":"search_term_string"}}],"inLanguage":"es"},{"@type":"Organization","@id":"https:\/\/apucorp.pe\/www\/site\/#organization","name":"Apucorp","alternateName":"Apucorp","url":"https:\/\/apucorp.pe\/www\/site\/","logo":{"@type":"ImageObject","inLanguage":"es","@id":"https:\/\/apucorp.pe\/www\/site\/#\/schema\/logo\/image\/","url":"https:\/\/apucorp.pe\/www\/site\/wp-content\/uploads\/2025\/09\/LogoApucorp2.jpg","contentUrl":"https:\/\/apucorp.pe\/www\/site\/wp-content\/uploads\/2025\/09\/LogoApucorp2.jpg","width":1278,"height":499,"caption":"Apucorp"},"image":{"@id":"https:\/\/apucorp.pe\/www\/site\/#\/schema\/logo\/image\/"},"sameAs":["https:\/\/www.facebook.com\/apucorp","https:\/\/www.linkedin.com\/company\/apucorp\/","https:\/\/www.youtube.com\/@APUCORP"]},{"@type":"Person","@id":"https:\/\/apucorp.pe\/www\/site\/#\/schema\/person\/5c9ddd4781425dbfd0545bf90efca79c","name":"userwebapu","image":{"@type":"ImageObject","inLanguage":"es","@id":"https:\/\/apucorp.pe\/www\/site\/#\/schema\/person\/image\/","url":"https:\/\/secure.gravatar.com\/avatar\/5cd137db011afc0b4bf45b736aa3165b6a229e580322321524209a42e5f369b6?s=96&d=mm&r=g","contentUrl":"https:\/\/secure.gravatar.com\/avatar\/5cd137db011afc0b4bf45b736aa3165b6a229e580322321524209a42e5f369b6?s=96&d=mm&r=g","caption":"userwebapu"},"sameAs":["https:\/\/apucorp.pe\/www\/site\/"],"url":"https:\/\/apucorp.pe\/www\/site\/author\/userwebapu\/"}]}},"_links":{"self":[{"href":"https:\/\/apucorp.pe\/www\/site\/wp-json\/wp\/v2\/posts\/4121","targetHints":{"allow":["GET"]}}],"collection":[{"href":"https:\/\/apucorp.pe\/www\/site\/wp-json\/wp\/v2\/posts"}],"about":[{"href":"https:\/\/apucorp.pe\/www\/site\/wp-json\/wp\/v2\/types\/post"}],"author":[{"embeddable":true,"href":"https:\/\/apucorp.pe\/www\/site\/wp-json\/wp\/v2\/users\/1"}],"replies":[{"embeddable":true,"href":"https:\/\/apucorp.pe\/www\/site\/wp-json\/wp\/v2\/comments?post=4121"}],"version-history":[{"count":11,"href":"https:\/\/apucorp.pe\/www\/site\/wp-json\/wp\/v2\/posts\/4121\/revisions"}],"predecessor-version":[{"id":4140,"href":"https:\/\/apucorp.pe\/www\/site\/wp-json\/wp\/v2\/posts\/4121\/revisions\/4140"}],"wp:featuredmedia":[{"embeddable":true,"href":"https:\/\/apucorp.pe\/www\/site\/wp-json\/wp\/v2\/media\/4124"}],"wp:attachment":[{"href":"https:\/\/apucorp.pe\/www\/site\/wp-json\/wp\/v2\/media?parent=4121"}],"wp:term":[{"taxonomy":"category","embeddable":true,"href":"https:\/\/apucorp.pe\/www\/site\/wp-json\/wp\/v2\/categories?post=4121"},{"taxonomy":"post_tag","embeddable":true,"href":"https:\/\/apucorp.pe\/www\/site\/wp-json\/wp\/v2\/tags?post=4121"}],"curies":[{"name":"wp","href":"https:\/\/api.w.org\/{rel}","templated":true}]}}