{"id":3321,"date":"2025-09-24T23:52:30","date_gmt":"2025-09-25T04:52:30","guid":{"rendered":"https:\/\/apucorp.pe\/www\/site\/?p=3321"},"modified":"2025-11-13T17:49:28","modified_gmt":"2025-11-13T22:49:28","slug":"apucorp-reunio-a-destacadas-figuras-del-sector-minero-en-su-coctel-durante-perumin-37","status":"publish","type":"post","link":"https:\/\/apucorp.pe\/www\/site\/2025\/09\/24\/apucorp-reunio-a-destacadas-figuras-del-sector-minero-en-su-coctel-durante-perumin-37\/","title":{"rendered":"APUCORP reuni\u00f3 a destacadas figuras\u00a0del sector minero en su c\u00f3ctel durante PERUMIN 37"},"content":{"rendered":"\t\t<div data-elementor-type=\"wp-post\" data-elementor-id=\"3321\" class=\"elementor elementor-3321\" data-elementor-post-type=\"post\">\n\t\t\t\t<div class=\"elementor-element elementor-element-53fb29a5 e-flex e-con-boxed wpr-particle-no wpr-jarallax-no wpr-parallax-no wpr-sticky-section-no e-con e-parent\" data-id=\"53fb29a5\" data-element_type=\"container\">\n\t\t\t\t\t<div class=\"e-con-inner\">\n\t\t<div class=\"elementor-element elementor-element-50b4748e e-con-full e-flex wpr-particle-no wpr-jarallax-no wpr-parallax-no wpr-sticky-section-no e-con e-child\" data-id=\"50b4748e\" data-element_type=\"container\">\n\t\t\t\t<div class=\"elementor-element elementor-element-3958c2a1 elementor-widget elementor-widget-gum_heading\" data-id=\"3958c2a1\" data-element_type=\"widget\" data-widget_type=\"gum_heading.default\">\n\t\t\t\t<div class=\"elementor-widget-container\">\n\t\t\t\t\t<div class=\"gum-widget-title\"><h5 class=\"section-main-title size-default\">APUCORP reuni\u00f3 a destacadas figuras\u00a0del sector minero en su c\u00f3ctel durante PERUMIN 37<\/h5><\/div>\t\t\t\t<\/div>\n\t\t\t\t<\/div>\n\t\t\t\t<\/div>\n\t\t\t\t\t<\/div>\n\t\t\t\t<\/div>\n\t\t<div class=\"elementor-element elementor-element-67c17dae e-flex e-con-boxed wpr-particle-no wpr-jarallax-no wpr-parallax-no wpr-sticky-section-no e-con e-parent\" data-id=\"67c17dae\" data-element_type=\"container\">\n\t\t\t\t\t<div class=\"e-con-inner\">\n\t\t<div class=\"elementor-element elementor-element-707d1ee4 e-con-full e-flex wpr-particle-no wpr-jarallax-no wpr-parallax-no wpr-sticky-section-no e-con e-child\" data-id=\"707d1ee4\" data-element_type=\"container\">\n\t\t<div class=\"elementor-element elementor-element-4551f03c e-con-full e-flex wpr-particle-no wpr-jarallax-no wpr-parallax-no wpr-sticky-section-no e-con e-child\" data-id=\"4551f03c\" data-element_type=\"container\" data-settings=\"{&quot;background_background&quot;:&quot;classic&quot;}\">\n\t\t\t\t<div class=\"elementor-element elementor-element-7befc2cd elementor-widget elementor-widget-gum_post_image\" data-id=\"7befc2cd\" data-element_type=\"widget\" data-widget_type=\"gum_post_image.default\">\n\t\t\t\t<div class=\"elementor-widget-container\">\n\t\t\t\t\t<div class=\"blog-featureimage\" style=\"background-image: url(https:\/\/apucorp.pe\/www\/site\/wp-content\/uploads\/2025\/11\/C9A1349.jpg)\"><img decoding=\"async\" src=\"https:\/\/apucorp.pe\/www\/site\/wp-content\/uploads\/2025\/11\/C9A1349.jpg\" title=\"\" alt=\"\" \/><\/div>\t\t\t\t<\/div>\n\t\t\t\t<\/div>\n\t\t\t\t<div class=\"elementor-element elementor-element-679eff01 elementor-widget elementor-widget-text-editor\" data-id=\"679eff01\" data-element_type=\"widget\" data-widget_type=\"text-editor.default\">\n\t\t\t\t\t\t\t\t\t<p>Arequipa, 24 de septiembre de 2025. \u2013 En el marco de su participaci\u00f3n como Auspiciador Oro en la 37.\u00aa edici\u00f3n de PERUMIN \u2013 Convenci\u00f3n Minera, APUCORP organiz\u00f3 un exclusivo c\u00f3ctel corporativo en el reconocido espacio Qasa by NOMAD, en la ciudad de Arequipa.<\/p><p>El evento congreg\u00f3 a ejecutivos del sector minero, autoridades, representantes de gremios, aliados estrat\u00e9gicos y l\u00edderes empresariales nacionales e internacionales, quienes compartieron una velada orientada al intercambio de ideas, la generaci\u00f3n de oportunidades de colaboraci\u00f3n y el fortalecimiento de v\u00ednculos institucionales.<\/p><p>Esta actividad form\u00f3 parte de la agenda institucional de APUCORP durante PERUMIN 37, reafirmando su compromiso con el desarrollo de una miner\u00eda moderna, eficiente y sostenible.<\/p><p>Durante el encuentro, se comparti\u00f3 la visi\u00f3n estrat\u00e9gica del grupo empresarial, centrada en la expansi\u00f3n responsable de sus operaciones, la inversi\u00f3n en infraestructura minera de largo plazo y la promoci\u00f3n de modelos de desarrollo en las regiones donde opera.<\/p><p>La jornada se desarroll\u00f3 en un ambiente de profesionalismo, cercan\u00eda y orgullo institucional, reflejando la identidad de APUCORP y su papel como referente en la transformaci\u00f3n de la miner\u00eda peruana.<\/p>\t\t\t\t\t\t\t\t<\/div>\n\t\t<div class=\"elementor-element elementor-element-16ccb242 e-con-full e-flex wpr-particle-no wpr-jarallax-no wpr-parallax-no wpr-sticky-section-no e-con e-child\" data-id=\"16ccb242\" data-element_type=\"container\">\n\t\t\t\t<div class=\"elementor-element elementor-element-2f725a07 elementor-widget elementor-widget-elementskit-social-share\" data-id=\"2f725a07\" data-element_type=\"widget\" data-widget_type=\"elementskit-social-share.default\">\n\t\t\t\t<div class=\"elementor-widget-container\">\n\t\t\t\t\t<div class=\"ekit-wid-con\" >\t\t<ul class=\"ekit_socialshare\">\n                            <li class=\"elementor-repeater-item-abff5a5\" data-social=\"linkedin\">\n                    <div class=\"linkedin\">\n                        \n                        <i aria-hidden=\"true\" class=\"icon icon-linkedin\"><\/i>                        \n                                                                                            <\/div>\n                <\/li>\n                                            <li class=\"elementor-repeater-item-f8bfa97\" data-social=\"facebook\">\n                    <div class=\"facebook\">\n                        \n                        <i aria-hidden=\"true\" class=\"icon icon-facebook\"><\/i>                        \n                                                                                            <\/div>\n                <\/li>\n                                            <li class=\"elementor-repeater-item-7e0b821\" data-social=\"twitter\">\n                    <div class=\"twitter\">\n                        \n                        <i aria-hidden=\"true\" class=\"icon icon-twitter\"><\/i>                        \n                                                                                            <\/div>\n                <\/li>\n                                    <\/ul>\n        <\/div>\t\t\t\t<\/div>\n\t\t\t\t<\/div>\n\t\t\t\t<\/div>\n\t\t\t\t<\/div>\n\t\t\t\t<\/div>\n\t\t<div class=\"elementor-element elementor-element-973db6f e-con-full e-flex wpr-particle-no wpr-jarallax-no wpr-parallax-no wpr-sticky-section-no e-con e-child\" data-id=\"973db6f\" data-element_type=\"container\">\n\t\t<div class=\"elementor-element elementor-element-147aaca5 e-con-full e-flex wpr-particle-no wpr-jarallax-no wpr-parallax-no wpr-sticky-section-no e-con e-child\" data-id=\"147aaca5\" data-element_type=\"container\" data-settings=\"{&quot;background_background&quot;:&quot;classic&quot;}\">\n\t\t\t\t<div class=\"elementor-element elementor-element-5bf6d0f6 elementor-widget elementor-widget-heading\" data-id=\"5bf6d0f6\" data-element_type=\"widget\" data-widget_type=\"heading.default\">\n\t\t\t\t\t<h2 class=\"elementor-heading-title elementor-size-default\">\u00daltimas noticias<\/h2>\t\t\t\t<\/div>\n\t\t\t\t<div class=\"elementor-element elementor-element-6a3f32e3 post-grid-col-1 post-grid-col-tablet-1 post-grid-col-mobile-1 elementor-widget elementor-widget-gum_posts_grid\" data-id=\"6a3f32e3\" data-element_type=\"widget\" data-widget_type=\"gum_posts_grid.default\">\n\t\t\t\t<div class=\"elementor-widget-container\">\n\t\t\t\t\t<div class=\"grid-posts\"><div class=\"grid-post grid-col-1 image-position-\"><article id=\"post-4121\" class=\"post-4121 post type-post status-publish format-standard has-post-thumbnail hentry category-uncategorized tag-26 tag-apucorp tag-canada\">\r\n        <div class=\"post-content\">\r\n      <ul class=\"meta-position-top posts-meta\"><\/ul><h4 class=\"post-title\"><a href=\"https:\/\/apucorp.pe\/www\/site\/2026\/06\/17\/mario-de-las-casas-participo-como-panelista-en-el-foro-logistico-de-conamin-2026\/\">APUCORP particip\u00f3 como panelista en el Foro Log\u00edstico de CONAMIN 2026<\/a><\/h4><ul class=\"meta-position-mid posts-meta\"><li class=\"list-meta date_meta\"><span class=\"meta-text\">17 de junio de 2026<\/span><\/li><\/ul>            <ul class=\"meta-position-content posts-meta\"><\/ul>        <\/div>\r\n  <ul class=\"meta-position-bottom posts-meta\"><\/ul><\/article>\r\n<\/div><div class=\"grid-post grid-col-1 image-position-\"><article id=\"post-4016\" class=\"post-4016 post type-post status-publish format-standard has-post-thumbnail hentry category-uncategorized tag-26 tag-apucorp tag-canada\">\r\n        <div class=\"post-content\">\r\n      <ul class=\"meta-position-top posts-meta\"><\/ul><h4 class=\"post-title\"><a href=\"https:\/\/apucorp.pe\/www\/site\/2026\/06\/04\/snci-reune-a-lideres-del-sector-para-impulsar-la-competitividad-minera-e-infraestructura\/\">SNCI re\u00fane a l\u00edderes del sector para impulsar la competitividad minera e infraestructura<\/a><\/h4><ul class=\"meta-position-mid posts-meta\"><li class=\"list-meta date_meta\"><span class=\"meta-text\">4 de junio de 2026<\/span><\/li><\/ul>            <ul class=\"meta-position-content posts-meta\"><\/ul>        <\/div>\r\n  <ul class=\"meta-position-bottom posts-meta\"><\/ul><\/article>\r\n<\/div><div class=\"grid-post grid-col-1 image-position-\"><article id=\"post-3990\" class=\"post-3990 post type-post status-publish format-standard has-post-thumbnail hentry category-uncategorized tag-26 tag-apucorp tag-canada\">\r\n        <div class=\"post-content\">\r\n      <ul class=\"meta-position-top posts-meta\"><\/ul><h4 class=\"post-title\"><a href=\"https:\/\/apucorp.pe\/www\/site\/2026\/05\/21\/apucorp-presenta-su-vision-hacia-el-2030-en-el-networking-de-la-camara-de-comercio-canada-peru\/\">APUCORP presenta su visi\u00f3n hacia el 2030 en el Networking de la C\u00e1mara de Comercio Canad\u00e1-Per\u00fa<\/a><\/h4><ul class=\"meta-position-mid posts-meta\"><li class=\"list-meta date_meta\"><span class=\"meta-text\">21 de mayo de 2026<\/span><\/li><\/ul>            <ul class=\"meta-position-content posts-meta\"><\/ul>        <\/div>\r\n  <ul class=\"meta-position-bottom posts-meta\"><\/ul><\/article>\r\n<\/div><div class=\"grid-post grid-col-1 image-position-\"><article id=\"post-4108\" class=\"post-4108 post type-post status-publish format-standard has-post-thumbnail hentry category-uncategorized tag-26 tag-apucorp tag-canada\">\r\n        <div class=\"post-content\">\r\n      <ul class=\"meta-position-top posts-meta\"><\/ul><h4 class=\"post-title\"><a href=\"https:\/\/apucorp.pe\/www\/site\/2026\/05\/07\/apucorp-y-mdh-fortalece-su-liderazgo-en-perforacion-minera-durante-proexplo-2026\/\">APUCORP y MDH fortalece su liderazgo en perforaci\u00f3n minera durante proEXPLO 2026<\/a><\/h4><ul class=\"meta-position-mid posts-meta\"><li class=\"list-meta date_meta\"><span class=\"meta-text\">7 de mayo de 2026<\/span><\/li><\/ul>            <ul class=\"meta-position-content posts-meta\"><\/ul>        <\/div>\r\n  <ul class=\"meta-position-bottom posts-meta\"><\/ul><\/article>\r\n<\/div><div class=\"grid-post grid-col-1 image-position-\"><article id=\"post-4094\" class=\"post-4094 post type-post status-publish format-standard has-post-thumbnail hentry category-uncategorized tag-26 tag-apucorp tag-canada\">\r\n        <div class=\"post-content\">\r\n      <ul class=\"meta-position-top posts-meta\"><\/ul><h4 class=\"post-title\"><a href=\"https:\/\/apucorp.pe\/www\/site\/2026\/05\/05\/apucorp-aporta-su-vision-sobre-sostenibilidad-y-competitividad-minera-en-expocobre-2026\/\">APUCORP aporta su visi\u00f3n sobre sostenibilidad y competitividad minera en EXPOCOBRE 2026<\/a><\/h4><ul class=\"meta-position-mid posts-meta\"><li class=\"list-meta date_meta\"><span class=\"meta-text\">5 de mayo de 2026<\/span><\/li><\/ul>            <ul class=\"meta-position-content posts-meta\"><\/ul>        <\/div>\r\n  <ul class=\"meta-position-bottom posts-meta\"><\/ul><\/article>\r\n<\/div><div class=\"grid-post grid-col-1 image-position-\"><article id=\"post-3969\" class=\"post-3969 post type-post status-publish format-standard has-post-thumbnail hentry category-uncategorized tag-apucorp tag-minem tag-mineria tag-sostenibilidad\">\r\n        <div class=\"post-content\">\r\n      <ul class=\"meta-position-top posts-meta\"><\/ul><h4 class=\"post-title\"><a href=\"https:\/\/apucorp.pe\/www\/site\/2026\/04\/07\/apucorp-y-el-minem-refuerzan-el-dialogo-para-una-mineria-moderna-y-sostenible\/\">APUCORP y el MINEM refuerzan el di\u00e1logo para una miner\u00eda moderna y sostenible<\/a><\/h4><ul class=\"meta-position-mid posts-meta\"><li class=\"list-meta date_meta\"><span class=\"meta-text\">7 de abril de 2026<\/span><\/li><\/ul>            <ul class=\"meta-position-content posts-meta\"><\/ul>        <\/div>\r\n  <ul class=\"meta-position-bottom posts-meta\"><\/ul><\/article>\r\n<\/div><div class=\"grid-post grid-col-1 image-position-\"><article id=\"post-3978\" class=\"post-3978 post type-post status-publish format-standard has-post-thumbnail hentry category-uncategorized tag-apucorp tag-indumin tag-mdh\">\r\n        <div class=\"post-content\">\r\n      <ul class=\"meta-position-top posts-meta\"><\/ul><h4 class=\"post-title\"><a href=\"https:\/\/apucorp.pe\/www\/site\/2026\/03\/12\/mdh-represento-a-apucorp-en-indumin-el-principal-encuentro-de-la-mineria-a-pequena-escala\/\">MDH represent\u00f3 a APUCORP en INDUMIN, el principal encuentro de la miner\u00eda a peque\u00f1a escala<\/a><\/h4><ul class=\"meta-position-mid posts-meta\"><li class=\"list-meta date_meta\"><span class=\"meta-text\">12 de marzo de 2026<\/span><\/li><\/ul>            <ul class=\"meta-position-content posts-meta\"><\/ul>        <\/div>\r\n  <ul class=\"meta-position-bottom posts-meta\"><\/ul><\/article>\r\n<\/div><div class=\"grid-post grid-col-1 image-position-\"><article id=\"post-3962\" class=\"post-3962 post type-post status-publish format-standard has-post-thumbnail hentry category-uncategorized tag-apucorp tag-sostenibilidad\">\r\n        <div class=\"post-content\">\r\n      <ul class=\"meta-position-top posts-meta\"><\/ul><h4 class=\"post-title\"><a href=\"https:\/\/apucorp.pe\/www\/site\/2026\/03\/09\/silvia-noriega-participo-como-panelista-en-el-iii-foro-antawarmi\/\">APUCORP particip\u00f3 como panelista en el III Foro Antawarmi<\/a><\/h4><ul class=\"meta-position-mid posts-meta\"><li class=\"list-meta date_meta\"><span class=\"meta-text\">9 de marzo de 2026<\/span><\/li><\/ul>            <ul class=\"meta-position-content posts-meta\"><\/ul>        <\/div>\r\n  <ul class=\"meta-position-bottom posts-meta\"><\/ul><\/article>\r\n<\/div><div class=\"grid-post grid-col-1 image-position-\"><article id=\"post-3882\" class=\"post-3882 post type-post status-publish format-standard has-post-thumbnail hentry category-uncategorized tag-apucorp tag-pdac tag-peruday tag-sector-minero\">\r\n        <div class=\"post-content\">\r\n      <ul class=\"meta-position-top posts-meta\"><\/ul><h4 class=\"post-title\"><a href=\"https:\/\/apucorp.pe\/www\/site\/2026\/03\/05\/apucorp-fortalece-su-posicionamiento-internacional-con-participacion-en-pdac-2026\/\">APUCORP fortalece su posicionamiento internacional con participaci\u00f3n en PDAC 2026<\/a><\/h4><ul class=\"meta-position-mid posts-meta\"><li class=\"list-meta date_meta\"><span class=\"meta-text\">5 de marzo de 2026<\/span><\/li><\/ul>            <ul class=\"meta-position-content posts-meta\"><\/ul>        <\/div>\r\n  <ul class=\"meta-position-bottom posts-meta\"><\/ul><\/article>\r\n<\/div><div class=\"grid-post grid-col-1 image-position-\"><article id=\"post-4058\" class=\"post-4058 post type-post status-publish format-standard has-post-thumbnail hentry category-uncategorized tag-26 tag-apucorp tag-canada\">\r\n        <div class=\"post-content\">\r\n      <ul class=\"meta-position-top posts-meta\"><\/ul><h4 class=\"post-title\"><a href=\"https:\/\/apucorp.pe\/www\/site\/2026\/01\/08\/apucorp-fortalece-su-presencia-institucional-con-incorporacion-de-carlos-tejada-al-consejo-directivo-de-la-snci\/\">APUCORP fortalece su presencia institucional con incorporaci\u00f3n de Carlos Tejada al Consejo Directivo de la SNCI<\/a><\/h4><ul class=\"meta-position-mid posts-meta\"><li class=\"list-meta date_meta\"><span class=\"meta-text\">8 de enero de 2026<\/span><\/li><\/ul>            <ul class=\"meta-position-content posts-meta\"><\/ul>        <\/div>\r\n  <ul class=\"meta-position-bottom posts-meta\"><\/ul><\/article>\r\n<\/div><\/div><div class=\"not-empty\">&nbsp;<\/div><div class=\"grid-posts-pagination paging\" dir=\"ltr\"><ul><li><span aria-current=\"page\" class=\"page-numbers current\"><span>1<\/span><\/span><\/li><li><a class=\"page-numbers\" href=\"https:\/\/apucorp.pe\/www\/site\/wp-json\/wp\/v2\/posts\/3321\/page\/2\/\"><span>2<\/span><\/a><\/li><li><a class=\"next page-numbers\" href=\"https:\/\/apucorp.pe\/www\/site\/wp-json\/wp\/v2\/posts\/3321\/page\/2\/\"><span>Next<\/span><\/a><\/li><\/ul><\/div>\t\t\t\t<\/div>\n\t\t\t\t<\/div>\n\t\t\t\t<\/div>\n\t\t\t\t<div class=\"elementor-element elementor-element-57d767c gallery-spacing-custom elementor-widget elementor-widget-image-gallery\" data-id=\"57d767c\" data-element_type=\"widget\" data-widget_type=\"image-gallery.default\">\n\t\t\t\t\t\t\t<div class=\"elementor-image-gallery\">\n\t\t\t<div id='gallery-1' class='gallery galleryid-3321 gallery-columns-2 gallery-size-full'><figure class='gallery-item'>\n\t\t\t<div class='gallery-icon landscape'>\n\t\t\t\t<a data-elementor-open-lightbox=\"yes\" data-elementor-lightbox-slideshow=\"57d767c\" data-e-action-hash=\"#elementor-action%3Aaction%3Dlightbox%26settings%3DeyJpZCI6MzQ4NSwidXJsIjoiaHR0cHM6XC9cL2FwdWNvcnAucGVcL3d3d1wvc2l0ZVwvd3AtY29udGVudFwvdXBsb2Fkc1wvMjAyNVwvMTFcL0RTQzYyNTQuanBnIiwic2xpZGVzaG93IjoiNTdkNzY3YyJ9\" href='https:\/\/apucorp.pe\/www\/site\/wp-content\/uploads\/2025\/11\/DSC6254.jpg'><img fetchpriority=\"high\" decoding=\"async\" width=\"1780\" height=\"1150\" src=\"https:\/\/apucorp.pe\/www\/site\/wp-content\/uploads\/2025\/11\/DSC6254.jpg\" class=\"attachment-full size-full\" alt=\"\" srcset=\"https:\/\/apucorp.pe\/www\/site\/wp-content\/uploads\/2025\/11\/DSC6254.jpg 1780w, https:\/\/apucorp.pe\/www\/site\/wp-content\/uploads\/2025\/11\/DSC6254-300x194.jpg 300w, https:\/\/apucorp.pe\/www\/site\/wp-content\/uploads\/2025\/11\/DSC6254-1024x662.jpg 1024w, https:\/\/apucorp.pe\/www\/site\/wp-content\/uploads\/2025\/11\/DSC6254-768x496.jpg 768w, https:\/\/apucorp.pe\/www\/site\/wp-content\/uploads\/2025\/11\/DSC6254-1536x992.jpg 1536w\" sizes=\"(max-width: 1780px) 100vw, 1780px\" \/><\/a>\n\t\t\t<\/div><\/figure><figure class='gallery-item'>\n\t\t\t<div class='gallery-icon landscape'>\n\t\t\t\t<a data-elementor-open-lightbox=\"yes\" data-elementor-lightbox-slideshow=\"57d767c\" data-e-action-hash=\"#elementor-action%3Aaction%3Dlightbox%26settings%3DeyJpZCI6MzYxMCwidXJsIjoiaHR0cHM6XC9cL2FwdWNvcnAucGVcL3d3d1wvc2l0ZVwvd3AtY29udGVudFwvdXBsb2Fkc1wvMjAyNVwvMTFcL0RTQzYxODMuanBnIiwic2xpZGVzaG93IjoiNTdkNzY3YyJ9\" data-elementor-lightbox-title=\"_DSC6183\" href='https:\/\/apucorp.pe\/www\/site\/wp-content\/uploads\/2025\/11\/DSC6183.jpg'><img decoding=\"async\" width=\"1780\" height=\"1150\" src=\"https:\/\/apucorp.pe\/www\/site\/wp-content\/uploads\/2025\/11\/DSC6183.jpg\" class=\"attachment-full size-full\" alt=\"\" srcset=\"https:\/\/apucorp.pe\/www\/site\/wp-content\/uploads\/2025\/11\/DSC6183.jpg 1780w, https:\/\/apucorp.pe\/www\/site\/wp-content\/uploads\/2025\/11\/DSC6183-300x194.jpg 300w, https:\/\/apucorp.pe\/www\/site\/wp-content\/uploads\/2025\/11\/DSC6183-1024x662.jpg 1024w, https:\/\/apucorp.pe\/www\/site\/wp-content\/uploads\/2025\/11\/DSC6183-768x496.jpg 768w, https:\/\/apucorp.pe\/www\/site\/wp-content\/uploads\/2025\/11\/DSC6183-1536x992.jpg 1536w\" sizes=\"(max-width: 1780px) 100vw, 1780px\" \/><\/a>\n\t\t\t<\/div><\/figure><figure class='gallery-item'>\n\t\t\t<div class='gallery-icon landscape'>\n\t\t\t\t<a data-elementor-open-lightbox=\"yes\" data-elementor-lightbox-slideshow=\"57d767c\" data-e-action-hash=\"#elementor-action%3Aaction%3Dlightbox%26settings%3DeyJpZCI6MzYxMSwidXJsIjoiaHR0cHM6XC9cL2FwdWNvcnAucGVcL3d3d1wvc2l0ZVwvd3AtY29udGVudFwvdXBsb2Fkc1wvMjAyNVwvMTFcL0M5QTExNzQuanBnIiwic2xpZGVzaG93IjoiNTdkNzY3YyJ9\" data-elementor-lightbox-title=\"_C9A1174\" href='https:\/\/apucorp.pe\/www\/site\/wp-content\/uploads\/2025\/11\/C9A1174.jpg'><img decoding=\"async\" width=\"1780\" height=\"1150\" src=\"https:\/\/apucorp.pe\/www\/site\/wp-content\/uploads\/2025\/11\/C9A1174.jpg\" class=\"attachment-full size-full\" alt=\"\" srcset=\"https:\/\/apucorp.pe\/www\/site\/wp-content\/uploads\/2025\/11\/C9A1174.jpg 1780w, https:\/\/apucorp.pe\/www\/site\/wp-content\/uploads\/2025\/11\/C9A1174-300x194.jpg 300w, https:\/\/apucorp.pe\/www\/site\/wp-content\/uploads\/2025\/11\/C9A1174-1024x662.jpg 1024w, https:\/\/apucorp.pe\/www\/site\/wp-content\/uploads\/2025\/11\/C9A1174-768x496.jpg 768w, https:\/\/apucorp.pe\/www\/site\/wp-content\/uploads\/2025\/11\/C9A1174-1536x992.jpg 1536w\" sizes=\"(max-width: 1780px) 100vw, 1780px\" \/><\/a>\n\t\t\t<\/div><\/figure><figure class='gallery-item'>\n\t\t\t<div class='gallery-icon landscape'>\n\t\t\t\t<a data-elementor-open-lightbox=\"yes\" data-elementor-lightbox-slideshow=\"57d767c\" data-e-action-hash=\"#elementor-action%3Aaction%3Dlightbox%26settings%3DeyJpZCI6MzQ4MiwidXJsIjoiaHR0cHM6XC9cL2FwdWNvcnAucGVcL3d3d1wvc2l0ZVwvd3AtY29udGVudFwvdXBsb2Fkc1wvMjAyNVwvMTFcL0RTQzYxNDcuanBnIiwic2xpZGVzaG93IjoiNTdkNzY3YyJ9\" data-elementor-lightbox-title=\"_C9A1174\" href='https:\/\/apucorp.pe\/www\/site\/wp-content\/uploads\/2025\/11\/DSC6147.jpg'><img loading=\"lazy\" decoding=\"async\" width=\"1780\" height=\"1150\" src=\"https:\/\/apucorp.pe\/www\/site\/wp-content\/uploads\/2025\/11\/DSC6147.jpg\" class=\"attachment-full size-full\" alt=\"\" srcset=\"https:\/\/apucorp.pe\/www\/site\/wp-content\/uploads\/2025\/11\/DSC6147.jpg 1780w, https:\/\/apucorp.pe\/www\/site\/wp-content\/uploads\/2025\/11\/DSC6147-300x194.jpg 300w, https:\/\/apucorp.pe\/www\/site\/wp-content\/uploads\/2025\/11\/DSC6147-1024x662.jpg 1024w, https:\/\/apucorp.pe\/www\/site\/wp-content\/uploads\/2025\/11\/DSC6147-768x496.jpg 768w, https:\/\/apucorp.pe\/www\/site\/wp-content\/uploads\/2025\/11\/DSC6147-1536x992.jpg 1536w\" sizes=\"(max-width: 1780px) 100vw, 1780px\" \/><\/a>\n\t\t\t<\/div><\/figure><figure class='gallery-item'>\n\t\t\t<div class='gallery-icon landscape'>\n\t\t\t\t<a data-elementor-open-lightbox=\"yes\" data-elementor-lightbox-slideshow=\"57d767c\" data-e-action-hash=\"#elementor-action%3Aaction%3Dlightbox%26settings%3DeyJpZCI6MzQ4MSwidXJsIjoiaHR0cHM6XC9cL2FwdWNvcnAucGVcL3d3d1wvc2l0ZVwvd3AtY29udGVudFwvdXBsb2Fkc1wvMjAyNVwvMTFcL0M5QTEzNDkuanBnIiwic2xpZGVzaG93IjoiNTdkNzY3YyJ9\" data-elementor-lightbox-title=\"_C9A1174\" href='https:\/\/apucorp.pe\/www\/site\/wp-content\/uploads\/2025\/11\/C9A1349.jpg'><img loading=\"lazy\" decoding=\"async\" width=\"1780\" height=\"1150\" src=\"https:\/\/apucorp.pe\/www\/site\/wp-content\/uploads\/2025\/11\/C9A1349.jpg\" class=\"attachment-full size-full\" alt=\"\" srcset=\"https:\/\/apucorp.pe\/www\/site\/wp-content\/uploads\/2025\/11\/C9A1349.jpg 1780w, https:\/\/apucorp.pe\/www\/site\/wp-content\/uploads\/2025\/11\/C9A1349-300x194.jpg 300w, https:\/\/apucorp.pe\/www\/site\/wp-content\/uploads\/2025\/11\/C9A1349-1024x662.jpg 1024w, https:\/\/apucorp.pe\/www\/site\/wp-content\/uploads\/2025\/11\/C9A1349-768x496.jpg 768w, https:\/\/apucorp.pe\/www\/site\/wp-content\/uploads\/2025\/11\/C9A1349-1536x992.jpg 1536w\" sizes=\"(max-width: 1780px) 100vw, 1780px\" \/><\/a>\n\t\t\t<\/div><\/figure><figure class='gallery-item'>\n\t\t\t<div class='gallery-icon landscape'>\n\t\t\t\t<a data-elementor-open-lightbox=\"yes\" data-elementor-lightbox-slideshow=\"57d767c\" data-e-action-hash=\"#elementor-action%3Aaction%3Dlightbox%26settings%3DeyJpZCI6MzYxMiwidXJsIjoiaHR0cHM6XC9cL2FwdWNvcnAucGVcL3d3d1wvc2l0ZVwvd3AtY29udGVudFwvdXBsb2Fkc1wvMjAyNVwvMTFcL0RTQzYzMTEuanBnIiwic2xpZGVzaG93IjoiNTdkNzY3YyJ9\" data-elementor-lightbox-title=\"_DSC6311\" href='https:\/\/apucorp.pe\/www\/site\/wp-content\/uploads\/2025\/11\/DSC6311.jpg'><img loading=\"lazy\" decoding=\"async\" width=\"1780\" height=\"1150\" src=\"https:\/\/apucorp.pe\/www\/site\/wp-content\/uploads\/2025\/11\/DSC6311.jpg\" class=\"attachment-full size-full\" alt=\"\" srcset=\"https:\/\/apucorp.pe\/www\/site\/wp-content\/uploads\/2025\/11\/DSC6311.jpg 1780w, https:\/\/apucorp.pe\/www\/site\/wp-content\/uploads\/2025\/11\/DSC6311-300x194.jpg 300w, https:\/\/apucorp.pe\/www\/site\/wp-content\/uploads\/2025\/11\/DSC6311-1024x662.jpg 1024w, https:\/\/apucorp.pe\/www\/site\/wp-content\/uploads\/2025\/11\/DSC6311-768x496.jpg 768w, https:\/\/apucorp.pe\/www\/site\/wp-content\/uploads\/2025\/11\/DSC6311-1536x992.jpg 1536w\" sizes=\"(max-width: 1780px) 100vw, 1780px\" \/><\/a>\n\t\t\t<\/div><\/figure>\n\t\t<\/div>\n\t\t<\/div>\n\t\t\t\t\t\t<\/div>\n\t\t\t\t<\/div>\n\t\t\t\t\t<\/div>\n\t\t\t\t<\/div>\n\t\t\t\t<\/div>\n\t\t","protected":false},"excerpt":{"rendered":"<p>APUCORP reuni\u00f3 a destacadas figuras\u00a0del sector minero en su c\u00f3ctel durante PERUMIN 37 Arequipa, 24 de septiembre de 2025. \u2013 En el marco de su participaci\u00f3n como Auspiciador Oro en la 37.\u00aa edici\u00f3n de PERUMIN \u2013 Convenci\u00f3n Minera, APUCORP organiz\u00f3 un exclusivo c\u00f3ctel corporativo en el reconocido espacio Qasa by NOMAD, en la ciudad de Arequipa. El evento congreg\u00f3 a ejecutivos del sector minero, autoridades, representantes de gremios, aliados estrat\u00e9gicos y l\u00edderes empresariales nacionales e internacionales, quienes compartieron una velada orientada al intercambio de ideas, la generaci\u00f3n de oportunidades de colaboraci\u00f3n y el fortalecimiento de v\u00ednculos institucionales. Esta actividad form\u00f3 parte de la agenda institucional de APUCORP durante PERUMIN 37, reafirmando su compromiso con el desarrollo de una miner\u00eda moderna, eficiente y sostenible. Durante el encuentro, se comparti\u00f3 la visi\u00f3n estrat\u00e9gica del grupo empresarial, centrada en la expansi\u00f3n responsable de sus operaciones, la inversi\u00f3n en infraestructura minera de largo plazo y la promoci\u00f3n de modelos de desarrollo en las regiones donde opera. La jornada se desarroll\u00f3 en un ambiente de profesionalismo, cercan\u00eda y orgullo institucional, reflejando la identidad de APUCORP y su papel como referente en la transformaci\u00f3n de la miner\u00eda peruana. \u00daltimas noticias APUCORP reuni\u00f3 a destacadas figuras\u00a0del sector minero en su c\u00f3ctel durante PERUMIN 37 4 de noviembre de 2025 APUCORP presenta su visi\u00f3n de miner\u00eda sostenible en PERUMIN 37 4 de noviembre de 2025 APUCORP consolida su posicionamiento con una identidad clara y visi\u00f3n hacia el 2030 4 de noviembre de 2025 &nbsp;<\/p>\n","protected":false},"author":1,"featured_media":3481,"comment_status":"closed","ping_status":"open","sticky":false,"template":"","format":"standard","meta":{"footnotes":""},"categories":[1],"tags":[10,8,9,11],"class_list":["post-3321","post","type-post","status-publish","format-standard","has-post-thumbnail","hentry","category-uncategorized","tag-apucorp","tag-arequipa","tag-perumin","tag-sector-minero"],"yoast_head":"<!-- This site is optimized with the Yoast SEO plugin v26.6 - https:\/\/yoast.com\/wordpress\/plugins\/seo\/ -->\n<title>APUCORP reuni\u00f3 a destacadas figuras\u00a0del sector minero en su c\u00f3ctel durante PERUMIN 37 | Apucorp<\/title>\n<meta name=\"description\" content=\"Somos un grupo empresarial de capitales peruanos, diversificado, que apuesta por el liderazgo en miner\u00eda y otros sectores estrat\u00e9gicos como infraestructura, salud, comercio e industria.\" \/>\n<meta name=\"robots\" content=\"index, follow, max-snippet:-1, max-image-preview:large, max-video-preview:-1\" \/>\n<link rel=\"canonical\" href=\"https:\/\/apucorp.pe\/www\/site\/2025\/09\/24\/apucorp-reunio-a-destacadas-figuras-del-sector-minero-en-su-coctel-durante-perumin-37\/\" \/>\n<meta property=\"og:locale\" content=\"es_ES\" \/>\n<meta property=\"og:type\" content=\"article\" \/>\n<meta property=\"og:title\" content=\"APUCORP reuni\u00f3 a destacadas figuras\u00a0del sector minero en su c\u00f3ctel durante PERUMIN 37 | Apucorp\" \/>\n<meta property=\"og:description\" content=\"Somos un grupo empresarial de capitales peruanos, diversificado, que apuesta por el liderazgo en miner\u00eda y otros sectores estrat\u00e9gicos como infraestructura, salud, comercio e industria.\" \/>\n<meta property=\"og:url\" content=\"https:\/\/apucorp.pe\/www\/site\/2025\/09\/24\/apucorp-reunio-a-destacadas-figuras-del-sector-minero-en-su-coctel-durante-perumin-37\/\" \/>\n<meta property=\"og:site_name\" content=\"Apucorp\" \/>\n<meta property=\"article:publisher\" content=\"https:\/\/www.facebook.com\/apucorp\" \/>\n<meta property=\"article:published_time\" content=\"2025-09-25T04:52:30+00:00\" \/>\n<meta property=\"article:modified_time\" content=\"2025-11-13T22:49:28+00:00\" \/>\n<meta property=\"og:image\" content=\"https:\/\/apucorp.pe\/www\/site\/wp-content\/uploads\/2025\/11\/C9A1349.jpg\" \/>\n\t<meta property=\"og:image:width\" content=\"1780\" \/>\n\t<meta property=\"og:image:height\" content=\"1150\" \/>\n\t<meta property=\"og:image:type\" content=\"image\/jpeg\" \/>\n<meta name=\"author\" content=\"userwebapu\" \/>\n<meta name=\"twitter:card\" content=\"summary_large_image\" \/>\n<meta name=\"twitter:label1\" content=\"Escrito por\" \/>\n\t<meta name=\"twitter:data1\" content=\"userwebapu\" \/>\n\t<meta name=\"twitter:label2\" content=\"Tiempo de lectura\" \/>\n\t<meta name=\"twitter:data2\" content=\"1 minuto\" \/>\n<script type=\"application\/ld+json\" class=\"yoast-schema-graph\">{\"@context\":\"https:\/\/schema.org\",\"@graph\":[{\"@type\":\"Article\",\"@id\":\"https:\/\/apucorp.pe\/www\/site\/2025\/09\/24\/apucorp-reunio-a-destacadas-figuras-del-sector-minero-en-su-coctel-durante-perumin-37\/#article\",\"isPartOf\":{\"@id\":\"https:\/\/apucorp.pe\/www\/site\/2025\/09\/24\/apucorp-reunio-a-destacadas-figuras-del-sector-minero-en-su-coctel-durante-perumin-37\/\"},\"author\":{\"name\":\"userwebapu\",\"@id\":\"https:\/\/apucorp.pe\/www\/site\/#\/schema\/person\/5c9ddd4781425dbfd0545bf90efca79c\"},\"headline\":\"APUCORP reuni\u00f3 a destacadas figuras\u00a0del sector minero en su c\u00f3ctel durante PERUMIN 37\",\"datePublished\":\"2025-09-25T04:52:30+00:00\",\"dateModified\":\"2025-11-13T22:49:28+00:00\",\"mainEntityOfPage\":{\"@id\":\"https:\/\/apucorp.pe\/www\/site\/2025\/09\/24\/apucorp-reunio-a-destacadas-figuras-del-sector-minero-en-su-coctel-durante-perumin-37\/\"},\"wordCount\":269,\"publisher\":{\"@id\":\"https:\/\/apucorp.pe\/www\/site\/#organization\"},\"image\":{\"@id\":\"https:\/\/apucorp.pe\/www\/site\/2025\/09\/24\/apucorp-reunio-a-destacadas-figuras-del-sector-minero-en-su-coctel-durante-perumin-37\/#primaryimage\"},\"thumbnailUrl\":\"https:\/\/apucorp.pe\/www\/site\/wp-content\/uploads\/2025\/11\/C9A1349.jpg\",\"keywords\":[\"Apucorp\",\"Arequipa\",\"Perumin\",\"Sector Minero\"],\"articleSection\":[\"Uncategorized\"],\"inLanguage\":\"es\"},{\"@type\":\"WebPage\",\"@id\":\"https:\/\/apucorp.pe\/www\/site\/2025\/09\/24\/apucorp-reunio-a-destacadas-figuras-del-sector-minero-en-su-coctel-durante-perumin-37\/\",\"url\":\"https:\/\/apucorp.pe\/www\/site\/2025\/09\/24\/apucorp-reunio-a-destacadas-figuras-del-sector-minero-en-su-coctel-durante-perumin-37\/\",\"name\":\"APUCORP reuni\u00f3 a destacadas figuras\u00a0del sector minero en su c\u00f3ctel durante PERUMIN 37 | Apucorp\",\"isPartOf\":{\"@id\":\"https:\/\/apucorp.pe\/www\/site\/#website\"},\"primaryImageOfPage\":{\"@id\":\"https:\/\/apucorp.pe\/www\/site\/2025\/09\/24\/apucorp-reunio-a-destacadas-figuras-del-sector-minero-en-su-coctel-durante-perumin-37\/#primaryimage\"},\"image\":{\"@id\":\"https:\/\/apucorp.pe\/www\/site\/2025\/09\/24\/apucorp-reunio-a-destacadas-figuras-del-sector-minero-en-su-coctel-durante-perumin-37\/#primaryimage\"},\"thumbnailUrl\":\"https:\/\/apucorp.pe\/www\/site\/wp-content\/uploads\/2025\/11\/C9A1349.jpg\",\"datePublished\":\"2025-09-25T04:52:30+00:00\",\"dateModified\":\"2025-11-13T22:49:28+00:00\",\"description\":\"Somos un grupo empresarial de capitales peruanos, diversificado, que apuesta por el liderazgo en miner\u00eda y otros sectores estrat\u00e9gicos como infraestructura, salud, comercio e industria.\",\"breadcrumb\":{\"@id\":\"https:\/\/apucorp.pe\/www\/site\/2025\/09\/24\/apucorp-reunio-a-destacadas-figuras-del-sector-minero-en-su-coctel-durante-perumin-37\/#breadcrumb\"},\"inLanguage\":\"es\",\"potentialAction\":[{\"@type\":\"ReadAction\",\"target\":[\"https:\/\/apucorp.pe\/www\/site\/2025\/09\/24\/apucorp-reunio-a-destacadas-figuras-del-sector-minero-en-su-coctel-durante-perumin-37\/\"]}]},{\"@type\":\"ImageObject\",\"inLanguage\":\"es\",\"@id\":\"https:\/\/apucorp.pe\/www\/site\/2025\/09\/24\/apucorp-reunio-a-destacadas-figuras-del-sector-minero-en-su-coctel-durante-perumin-37\/#primaryimage\",\"url\":\"https:\/\/apucorp.pe\/www\/site\/wp-content\/uploads\/2025\/11\/C9A1349.jpg\",\"contentUrl\":\"https:\/\/apucorp.pe\/www\/site\/wp-content\/uploads\/2025\/11\/C9A1349.jpg\",\"width\":1780,\"height\":1150},{\"@type\":\"BreadcrumbList\",\"@id\":\"https:\/\/apucorp.pe\/www\/site\/2025\/09\/24\/apucorp-reunio-a-destacadas-figuras-del-sector-minero-en-su-coctel-durante-perumin-37\/#breadcrumb\",\"itemListElement\":[{\"@type\":\"ListItem\",\"position\":1,\"name\":\"Portada\",\"item\":\"https:\/\/apucorp.pe\/www\/site\/\"},{\"@type\":\"ListItem\",\"position\":2,\"name\":\"APUCORP reuni\u00f3 a destacadas figuras\u00a0del sector minero en su c\u00f3ctel durante PERUMIN 37\"}]},{\"@type\":\"WebSite\",\"@id\":\"https:\/\/apucorp.pe\/www\/site\/#website\",\"url\":\"https:\/\/apucorp.pe\/www\/site\/\",\"name\":\"Grupo empresarial APUCORP\",\"description\":\"Somos un grupo empresarial de capitales peruanos, diversificado, que apuesta por el liderazgo en miner\u00eda y otros sectores estrat\u00e9gicos como infraestructura, salud, comercio e industria.\",\"publisher\":{\"@id\":\"https:\/\/apucorp.pe\/www\/site\/#organization\"},\"alternateName\":\"Grupo empresarial APUCORP\",\"potentialAction\":[{\"@type\":\"SearchAction\",\"target\":{\"@type\":\"EntryPoint\",\"urlTemplate\":\"https:\/\/apucorp.pe\/www\/site\/?s={search_term_string}\"},\"query-input\":{\"@type\":\"PropertyValueSpecification\",\"valueRequired\":true,\"valueName\":\"search_term_string\"}}],\"inLanguage\":\"es\"},{\"@type\":\"Organization\",\"@id\":\"https:\/\/apucorp.pe\/www\/site\/#organization\",\"name\":\"Apucorp\",\"alternateName\":\"Apucorp\",\"url\":\"https:\/\/apucorp.pe\/www\/site\/\",\"logo\":{\"@type\":\"ImageObject\",\"inLanguage\":\"es\",\"@id\":\"https:\/\/apucorp.pe\/www\/site\/#\/schema\/logo\/image\/\",\"url\":\"https:\/\/apucorp.pe\/www\/site\/wp-content\/uploads\/2025\/09\/LogoApucorp2.jpg\",\"contentUrl\":\"https:\/\/apucorp.pe\/www\/site\/wp-content\/uploads\/2025\/09\/LogoApucorp2.jpg\",\"width\":1278,\"height\":499,\"caption\":\"Apucorp\"},\"image\":{\"@id\":\"https:\/\/apucorp.pe\/www\/site\/#\/schema\/logo\/image\/\"},\"sameAs\":[\"https:\/\/www.facebook.com\/apucorp\",\"https:\/\/www.linkedin.com\/company\/apucorp\/\",\"https:\/\/www.youtube.com\/@APUCORP\"]},{\"@type\":\"Person\",\"@id\":\"https:\/\/apucorp.pe\/www\/site\/#\/schema\/person\/5c9ddd4781425dbfd0545bf90efca79c\",\"name\":\"userwebapu\",\"image\":{\"@type\":\"ImageObject\",\"inLanguage\":\"es\",\"@id\":\"https:\/\/apucorp.pe\/www\/site\/#\/schema\/person\/image\/\",\"url\":\"https:\/\/secure.gravatar.com\/avatar\/5cd137db011afc0b4bf45b736aa3165b6a229e580322321524209a42e5f369b6?s=96&d=mm&r=g\",\"contentUrl\":\"https:\/\/secure.gravatar.com\/avatar\/5cd137db011afc0b4bf45b736aa3165b6a229e580322321524209a42e5f369b6?s=96&d=mm&r=g\",\"caption\":\"userwebapu\"},\"sameAs\":[\"https:\/\/apucorp.pe\/www\/site\/\"],\"url\":\"https:\/\/apucorp.pe\/www\/site\/author\/userwebapu\/\"}]}<\/script>\n<!-- \/ Yoast SEO plugin. -->","yoast_head_json":{"title":"APUCORP reuni\u00f3 a destacadas figuras\u00a0del sector minero en su c\u00f3ctel durante PERUMIN 37 | Apucorp","description":"Somos un grupo empresarial de capitales peruanos, diversificado, que apuesta por el liderazgo en miner\u00eda y otros sectores estrat\u00e9gicos como infraestructura, salud, comercio e industria.","robots":{"index":"index","follow":"follow","max-snippet":"max-snippet:-1","max-image-preview":"max-image-preview:large","max-video-preview":"max-video-preview:-1"},"canonical":"https:\/\/apucorp.pe\/www\/site\/2025\/09\/24\/apucorp-reunio-a-destacadas-figuras-del-sector-minero-en-su-coctel-durante-perumin-37\/","og_locale":"es_ES","og_type":"article","og_title":"APUCORP reuni\u00f3 a destacadas figuras\u00a0del sector minero en su c\u00f3ctel durante PERUMIN 37 | Apucorp","og_description":"Somos un grupo empresarial de capitales peruanos, diversificado, que apuesta por el liderazgo en miner\u00eda y otros sectores estrat\u00e9gicos como infraestructura, salud, comercio e industria.","og_url":"https:\/\/apucorp.pe\/www\/site\/2025\/09\/24\/apucorp-reunio-a-destacadas-figuras-del-sector-minero-en-su-coctel-durante-perumin-37\/","og_site_name":"Apucorp","article_publisher":"https:\/\/www.facebook.com\/apucorp","article_published_time":"2025-09-25T04:52:30+00:00","article_modified_time":"2025-11-13T22:49:28+00:00","og_image":[{"width":1780,"height":1150,"url":"https:\/\/apucorp.pe\/www\/site\/wp-content\/uploads\/2025\/11\/C9A1349.jpg","type":"image\/jpeg"}],"author":"userwebapu","twitter_card":"summary_large_image","twitter_misc":{"Escrito por":"userwebapu","Tiempo de lectura":"1 minuto"},"schema":{"@context":"https:\/\/schema.org","@graph":[{"@type":"Article","@id":"https:\/\/apucorp.pe\/www\/site\/2025\/09\/24\/apucorp-reunio-a-destacadas-figuras-del-sector-minero-en-su-coctel-durante-perumin-37\/#article","isPartOf":{"@id":"https:\/\/apucorp.pe\/www\/site\/2025\/09\/24\/apucorp-reunio-a-destacadas-figuras-del-sector-minero-en-su-coctel-durante-perumin-37\/"},"author":{"name":"userwebapu","@id":"https:\/\/apucorp.pe\/www\/site\/#\/schema\/person\/5c9ddd4781425dbfd0545bf90efca79c"},"headline":"APUCORP reuni\u00f3 a destacadas figuras\u00a0del sector minero en su c\u00f3ctel durante PERUMIN 37","datePublished":"2025-09-25T04:52:30+00:00","dateModified":"2025-11-13T22:49:28+00:00","mainEntityOfPage":{"@id":"https:\/\/apucorp.pe\/www\/site\/2025\/09\/24\/apucorp-reunio-a-destacadas-figuras-del-sector-minero-en-su-coctel-durante-perumin-37\/"},"wordCount":269,"publisher":{"@id":"https:\/\/apucorp.pe\/www\/site\/#organization"},"image":{"@id":"https:\/\/apucorp.pe\/www\/site\/2025\/09\/24\/apucorp-reunio-a-destacadas-figuras-del-sector-minero-en-su-coctel-durante-perumin-37\/#primaryimage"},"thumbnailUrl":"https:\/\/apucorp.pe\/www\/site\/wp-content\/uploads\/2025\/11\/C9A1349.jpg","keywords":["Apucorp","Arequipa","Perumin","Sector Minero"],"articleSection":["Uncategorized"],"inLanguage":"es"},{"@type":"WebPage","@id":"https:\/\/apucorp.pe\/www\/site\/2025\/09\/24\/apucorp-reunio-a-destacadas-figuras-del-sector-minero-en-su-coctel-durante-perumin-37\/","url":"https:\/\/apucorp.pe\/www\/site\/2025\/09\/24\/apucorp-reunio-a-destacadas-figuras-del-sector-minero-en-su-coctel-durante-perumin-37\/","name":"APUCORP reuni\u00f3 a destacadas figuras\u00a0del sector minero en su c\u00f3ctel durante PERUMIN 37 | Apucorp","isPartOf":{"@id":"https:\/\/apucorp.pe\/www\/site\/#website"},"primaryImageOfPage":{"@id":"https:\/\/apucorp.pe\/www\/site\/2025\/09\/24\/apucorp-reunio-a-destacadas-figuras-del-sector-minero-en-su-coctel-durante-perumin-37\/#primaryimage"},"image":{"@id":"https:\/\/apucorp.pe\/www\/site\/2025\/09\/24\/apucorp-reunio-a-destacadas-figuras-del-sector-minero-en-su-coctel-durante-perumin-37\/#primaryimage"},"thumbnailUrl":"https:\/\/apucorp.pe\/www\/site\/wp-content\/uploads\/2025\/11\/C9A1349.jpg","datePublished":"2025-09-25T04:52:30+00:00","dateModified":"2025-11-13T22:49:28+00:00","description":"Somos un grupo empresarial de capitales peruanos, diversificado, que apuesta por el liderazgo en miner\u00eda y otros sectores estrat\u00e9gicos como infraestructura, salud, comercio e industria.","breadcrumb":{"@id":"https:\/\/apucorp.pe\/www\/site\/2025\/09\/24\/apucorp-reunio-a-destacadas-figuras-del-sector-minero-en-su-coctel-durante-perumin-37\/#breadcrumb"},"inLanguage":"es","potentialAction":[{"@type":"ReadAction","target":["https:\/\/apucorp.pe\/www\/site\/2025\/09\/24\/apucorp-reunio-a-destacadas-figuras-del-sector-minero-en-su-coctel-durante-perumin-37\/"]}]},{"@type":"ImageObject","inLanguage":"es","@id":"https:\/\/apucorp.pe\/www\/site\/2025\/09\/24\/apucorp-reunio-a-destacadas-figuras-del-sector-minero-en-su-coctel-durante-perumin-37\/#primaryimage","url":"https:\/\/apucorp.pe\/www\/site\/wp-content\/uploads\/2025\/11\/C9A1349.jpg","contentUrl":"https:\/\/apucorp.pe\/www\/site\/wp-content\/uploads\/2025\/11\/C9A1349.jpg","width":1780,"height":1150},{"@type":"BreadcrumbList","@id":"https:\/\/apucorp.pe\/www\/site\/2025\/09\/24\/apucorp-reunio-a-destacadas-figuras-del-sector-minero-en-su-coctel-durante-perumin-37\/#breadcrumb","itemListElement":[{"@type":"ListItem","position":1,"name":"Portada","item":"https:\/\/apucorp.pe\/www\/site\/"},{"@type":"ListItem","position":2,"name":"APUCORP reuni\u00f3 a destacadas figuras\u00a0del sector minero en su c\u00f3ctel durante PERUMIN 37"}]},{"@type":"WebSite","@id":"https:\/\/apucorp.pe\/www\/site\/#website","url":"https:\/\/apucorp.pe\/www\/site\/","name":"Grupo empresarial APUCORP","description":"Somos un grupo empresarial de capitales peruanos, diversificado, que apuesta por el liderazgo en miner\u00eda y otros sectores estrat\u00e9gicos como infraestructura, salud, comercio e industria.","publisher":{"@id":"https:\/\/apucorp.pe\/www\/site\/#organization"},"alternateName":"Grupo empresarial APUCORP","potentialAction":[{"@type":"SearchAction","target":{"@type":"EntryPoint","urlTemplate":"https:\/\/apucorp.pe\/www\/site\/?s={search_term_string}"},"query-input":{"@type":"PropertyValueSpecification","valueRequired":true,"valueName":"search_term_string"}}],"inLanguage":"es"},{"@type":"Organization","@id":"https:\/\/apucorp.pe\/www\/site\/#organization","name":"Apucorp","alternateName":"Apucorp","url":"https:\/\/apucorp.pe\/www\/site\/","logo":{"@type":"ImageObject","inLanguage":"es","@id":"https:\/\/apucorp.pe\/www\/site\/#\/schema\/logo\/image\/","url":"https:\/\/apucorp.pe\/www\/site\/wp-content\/uploads\/2025\/09\/LogoApucorp2.jpg","contentUrl":"https:\/\/apucorp.pe\/www\/site\/wp-content\/uploads\/2025\/09\/LogoApucorp2.jpg","width":1278,"height":499,"caption":"Apucorp"},"image":{"@id":"https:\/\/apucorp.pe\/www\/site\/#\/schema\/logo\/image\/"},"sameAs":["https:\/\/www.facebook.com\/apucorp","https:\/\/www.linkedin.com\/company\/apucorp\/","https:\/\/www.youtube.com\/@APUCORP"]},{"@type":"Person","@id":"https:\/\/apucorp.pe\/www\/site\/#\/schema\/person\/5c9ddd4781425dbfd0545bf90efca79c","name":"userwebapu","image":{"@type":"ImageObject","inLanguage":"es","@id":"https:\/\/apucorp.pe\/www\/site\/#\/schema\/person\/image\/","url":"https:\/\/secure.gravatar.com\/avatar\/5cd137db011afc0b4bf45b736aa3165b6a229e580322321524209a42e5f369b6?s=96&d=mm&r=g","contentUrl":"https:\/\/secure.gravatar.com\/avatar\/5cd137db011afc0b4bf45b736aa3165b6a229e580322321524209a42e5f369b6?s=96&d=mm&r=g","caption":"userwebapu"},"sameAs":["https:\/\/apucorp.pe\/www\/site\/"],"url":"https:\/\/apucorp.pe\/www\/site\/author\/userwebapu\/"}]}},"_links":{"self":[{"href":"https:\/\/apucorp.pe\/www\/site\/wp-json\/wp\/v2\/posts\/3321","targetHints":{"allow":["GET"]}}],"collection":[{"href":"https:\/\/apucorp.pe\/www\/site\/wp-json\/wp\/v2\/posts"}],"about":[{"href":"https:\/\/apucorp.pe\/www\/site\/wp-json\/wp\/v2\/types\/post"}],"author":[{"embeddable":true,"href":"https:\/\/apucorp.pe\/www\/site\/wp-json\/wp\/v2\/users\/1"}],"replies":[{"embeddable":true,"href":"https:\/\/apucorp.pe\/www\/site\/wp-json\/wp\/v2\/comments?post=3321"}],"version-history":[{"count":22,"href":"https:\/\/apucorp.pe\/www\/site\/wp-json\/wp\/v2\/posts\/3321\/revisions"}],"predecessor-version":[{"id":3615,"href":"https:\/\/apucorp.pe\/www\/site\/wp-json\/wp\/v2\/posts\/3321\/revisions\/3615"}],"wp:featuredmedia":[{"embeddable":true,"href":"https:\/\/apucorp.pe\/www\/site\/wp-json\/wp\/v2\/media\/3481"}],"wp:attachment":[{"href":"https:\/\/apucorp.pe\/www\/site\/wp-json\/wp\/v2\/media?parent=3321"}],"wp:term":[{"taxonomy":"category","embeddable":true,"href":"https:\/\/apucorp.pe\/www\/site\/wp-json\/wp\/v2\/categories?post=3321"},{"taxonomy":"post_tag","embeddable":true,"href":"https:\/\/apucorp.pe\/www\/site\/wp-json\/wp\/v2\/tags?post=3321"}],"curies":[{"name":"wp","href":"https:\/\/api.w.org\/{rel}","templated":true}]}}